{"id":6415,"date":"2024-06-03T08:26:54","date_gmt":"2024-06-03T08:26:54","guid":{"rendered":"https:\/\/vrsc.lt\/?p=6415"},"modified":"2024-06-03T08:29:28","modified_gmt":"2024-06-03T08:29:28","slug":"festyn-rodziny-i-sportu-w-rudominie","status":"publish","type":"post","link":"https:\/\/vrsc.lt\/pl\/2024\/06\/festyn-rodziny-i-sportu-w-rudominie\/","title":{"rendered":"Rodzinny Festyn Sportowy w Rudominie"},"content":{"rendered":"<p>1 czerwca w parku w Rudaminie odby\u0142 si\u0119 Festyn Rodzinny festyn sportowy, kt\u00f3ry zgromadzi\u0142 licznych mieszka\u0144c\u00f3w Rudaminy i okolic oraz go\u015bci z Wilna. Imprez\u0119 zorganizowa\u0142o Centrum Kultury w Rudaminie, przygotowuj\u0105c wiele r\u00f3\u017cnych atrakcji dla dzieci i doros\u0142ych.<\/p>\n<p>Go\u015bci czeka\u0142y zawody sportowe w r\u00f3\u017cnych dyscyplinach, kt\u00f3re przeprowadzali metodycy z Centrum Sportu Rejonu Wile\u0144skiego. Podczas wydarzenia rodziny mog\u0142y sprawdzi\u0107 swoje si\u0142y na torze przeszk\u00f3d, w rzutach do kosza z linii rzut\u00f3w wolnych, w si\u0142owaniu si\u0119 na r\u0119k\u0119, w skokach na skakance, przeci\u0105ganiu liny, wyciskaniu sztangi le\u017c\u0105c, zawodach w podnoszeniu ci\u0119\u017carka o wadze 16 kg, rodzinnej sztafecie oraz w turnieju warcabowym.<\/p>\n<p>Organizatorzy zadbali o to, aby ludzie mi\u0142o sp\u0119dzali czas w r\u00f3\u017cnych \u015bwi\u0105tecznych namiotach. Ch\u0119tni mogli odwiedzi\u0107 namiot Wile\u0144skiego Biura Zdrowia Publicznego i dowiedzie\u0107 si\u0119 wi\u0119cej o zdrowym stylu \u017cycia oraz o tym, jak dba\u0107 o swoje zdrowie.<\/p>\n<p>Zwyci\u0119zcom r\u00f3\u017cnych konkurencji sportowych wr\u0119czono nagrody ufundowane przez organizator\u00f3w, w tym Centrum Kultury w Rudaminie, So\u0142ectwo w Rudaminie oraz firm\u0119 \u201eVilniaus pauk\u0161tynas\u201d.<\/p>\n<p>W festynie uczestniczyli znamienici go\u015bcie: przewodnicz\u0105cy AWPL-ZChR europarlamentarzysta Waldemar Tomaszewski, pos\u0142anka na Sejm RP Rita Tama\u0161unien\u0117, pose\u0142 na Sejm RP Czes\u0142aw Olszewski, wicemer rejonu wile\u0144skiego Edita Tamo\u0161i\u016bnait\u0117, radni samorz\u0105du rejonu wile\u0144skiego \u2013 Waldemar Urban, Miroslava Klim, Honorata Romanowska, R\u016bta Carik, Karolina Petrusevi\u010d, kierownik Wydzia\u0142u Kultury, Sportu i Turystyki samorz\u0105du rejonu wile\u0144skiego Lilija Andru\u0161kevi\u010d oraz so\u0142tys so\u0142ectwa Rudamina J\u00f3zef Szatkiewicz.<\/p>\n<p>Dyrektor Centrum Sportu Rejonu Wile\u0144skiego<\/p>\n<p>Marian Kaczanowski<\/p>\n","protected":false},"excerpt":{"rendered":"<p>1 czerwca w parku w Rudaminie odby\u0142 si\u0119 Festyn Rodzinny festyn sportowy, kt\u00f3ry zgromadzi\u0142 licznych mieszka\u0144c\u00f3w Rudaminy i okolic oraz go\u015bci z Wilna. Imprez\u0119 zorganizowa\u0142o Centrum Kultury w Rudaminie, przygotowuj\u0105c wiele r\u00f3\u017cnych atrakcji dla dzieci i doros\u0142ych. Go\u015bci czeka\u0142y zawody sportowe w r\u00f3\u017cnych dyscyplinach, kt\u00f3re przeprowadzali metodycy z Centrum Sportu Rejonu Wile\u0144skiego. Podczas wydarzenia rodziny [&hellip;]<\/p>\n","protected":false},"author":5,"featured_media":6389,"comment_status":"closed","ping_status":"closed","sticky":false,"template":"","format":"standard","meta":{"_acf_changed":false,"footnotes":""},"categories":[32],"tags":[],"class_list":["post-6415","post","type-post","status-publish","format-standard","has-post-thumbnail","hentry","category-aktualnosci"],"acf":[],"yoast_head":"<!-- This site is optimized with the Yoast SEO plugin v27.5 - https:\/\/yoast.com\/product\/yoast-seo-wordpress\/ -->\n<title>Rodzinny Festyn Sportowy w Rudominie - VRSC<\/title>\n<meta name=\"robots\" content=\"index, follow, max-snippet:-1, max-image-preview:large, max-video-preview:-1\" \/>\n<link rel=\"canonical\" href=\"https:\/\/vrsc.lt\/pl\/2024\/06\/festyn-rodziny-i-sportu-w-rudominie\/\" \/>\n<meta property=\"og:locale\" content=\"pl_PL\" \/>\n<meta property=\"og:type\" content=\"article\" \/>\n<meta property=\"og:title\" content=\"Rodzinny Festyn Sportowy w Rudominie - VRSC\" \/>\n<meta property=\"og:description\" content=\"1 czerwca w parku w Rudaminie odby\u0142 si\u0119 Festyn Rodzinny festyn sportowy, kt\u00f3ry zgromadzi\u0142 licznych mieszka\u0144c\u00f3w Rudaminy i okolic oraz go\u015bci z Wilna. Imprez\u0119 zorganizowa\u0142o Centrum Kultury w Rudaminie, przygotowuj\u0105c wiele r\u00f3\u017cnych atrakcji dla dzieci i doros\u0142ych. Go\u015bci czeka\u0142y zawody sportowe w r\u00f3\u017cnych dyscyplinach, kt\u00f3re przeprowadzali metodycy z Centrum Sportu Rejonu Wile\u0144skiego. Podczas wydarzenia rodziny [&hellip;]\" \/>\n<meta property=\"og:url\" content=\"https:\/\/vrsc.lt\/pl\/2024\/06\/festyn-rodziny-i-sportu-w-rudominie\/\" \/>\n<meta property=\"og:site_name\" content=\"VRSC\" \/>\n<meta property=\"article:published_time\" content=\"2024-06-03T08:26:54+00:00\" \/>\n<meta property=\"article:modified_time\" content=\"2024-06-03T08:29:28+00:00\" \/>\n<meta property=\"og:image\" content=\"https:\/\/vrsc.lt\/wp-content\/uploads\/2024\/06\/P6013252.jpg\" \/>\n\t<meta property=\"og:image:width\" content=\"830\" \/>\n\t<meta property=\"og:image:height\" content=\"622\" \/>\n\t<meta property=\"og:image:type\" content=\"image\/jpeg\" \/>\n<meta name=\"author\" content=\"Darbuotojas\" \/>\n<meta name=\"twitter:card\" content=\"summary_large_image\" \/>\n<meta name=\"twitter:label1\" content=\"Napisane przez\" \/>\n\t<meta name=\"twitter:data1\" content=\"Darbuotojas\" \/>\n\t<meta name=\"twitter:label2\" content=\"Szacowany czas czytania\" \/>\n\t<meta name=\"twitter:data2\" content=\"2 minuty\" \/>\n<script type=\"application\/ld+json\" class=\"yoast-schema-graph\">{\"@context\":\"https:\\\/\\\/schema.org\",\"@graph\":[{\"@type\":\"Article\",\"@id\":\"https:\\\/\\\/vrsc.lt\\\/pl\\\/2024\\\/06\\\/festyn-rodziny-i-sportu-w-rudominie\\\/#article\",\"isPartOf\":{\"@id\":\"https:\\\/\\\/vrsc.lt\\\/pl\\\/2024\\\/06\\\/festyn-rodziny-i-sportu-w-rudominie\\\/\"},\"author\":{\"name\":\"Darbuotojas\",\"@id\":\"https:\\\/\\\/vrsc.lt\\\/pl\\\/#\\\/schema\\\/person\\\/b0d7d262a1754f4ae86d40b81c6396ae\"},\"headline\":\"Rodzinny Festyn Sportowy w Rudominie\",\"datePublished\":\"2024-06-03T08:26:54+00:00\",\"dateModified\":\"2024-06-03T08:29:28+00:00\",\"mainEntityOfPage\":{\"@id\":\"https:\\\/\\\/vrsc.lt\\\/pl\\\/2024\\\/06\\\/festyn-rodziny-i-sportu-w-rudominie\\\/\"},\"wordCount\":279,\"image\":{\"@id\":\"https:\\\/\\\/vrsc.lt\\\/pl\\\/2024\\\/06\\\/festyn-rodziny-i-sportu-w-rudominie\\\/#primaryimage\"},\"thumbnailUrl\":\"https:\\\/\\\/vrsc.lt\\\/wp-content\\\/uploads\\\/2024\\\/06\\\/P6013252.jpg\",\"articleSection\":[\"Aktualno\u015bci\"],\"inLanguage\":\"pl-PL\"},{\"@type\":\"WebPage\",\"@id\":\"https:\\\/\\\/vrsc.lt\\\/pl\\\/2024\\\/06\\\/festyn-rodziny-i-sportu-w-rudominie\\\/\",\"url\":\"https:\\\/\\\/vrsc.lt\\\/pl\\\/2024\\\/06\\\/festyn-rodziny-i-sportu-w-rudominie\\\/\",\"name\":\"Rodzinny Festyn Sportowy w Rudominie - VRSC\",\"isPartOf\":{\"@id\":\"https:\\\/\\\/vrsc.lt\\\/pl\\\/#website\"},\"primaryImageOfPage\":{\"@id\":\"https:\\\/\\\/vrsc.lt\\\/pl\\\/2024\\\/06\\\/festyn-rodziny-i-sportu-w-rudominie\\\/#primaryimage\"},\"image\":{\"@id\":\"https:\\\/\\\/vrsc.lt\\\/pl\\\/2024\\\/06\\\/festyn-rodziny-i-sportu-w-rudominie\\\/#primaryimage\"},\"thumbnailUrl\":\"https:\\\/\\\/vrsc.lt\\\/wp-content\\\/uploads\\\/2024\\\/06\\\/P6013252.jpg\",\"datePublished\":\"2024-06-03T08:26:54+00:00\",\"dateModified\":\"2024-06-03T08:29:28+00:00\",\"author\":{\"@id\":\"https:\\\/\\\/vrsc.lt\\\/pl\\\/#\\\/schema\\\/person\\\/b0d7d262a1754f4ae86d40b81c6396ae\"},\"breadcrumb\":{\"@id\":\"https:\\\/\\\/vrsc.lt\\\/pl\\\/2024\\\/06\\\/festyn-rodziny-i-sportu-w-rudominie\\\/#breadcrumb\"},\"inLanguage\":\"pl-PL\",\"potentialAction\":[{\"@type\":\"ReadAction\",\"target\":[\"https:\\\/\\\/vrsc.lt\\\/pl\\\/2024\\\/06\\\/festyn-rodziny-i-sportu-w-rudominie\\\/\"]}]},{\"@type\":\"ImageObject\",\"inLanguage\":\"pl-PL\",\"@id\":\"https:\\\/\\\/vrsc.lt\\\/pl\\\/2024\\\/06\\\/festyn-rodziny-i-sportu-w-rudominie\\\/#primaryimage\",\"url\":\"https:\\\/\\\/vrsc.lt\\\/wp-content\\\/uploads\\\/2024\\\/06\\\/P6013252.jpg\",\"contentUrl\":\"https:\\\/\\\/vrsc.lt\\\/wp-content\\\/uploads\\\/2024\\\/06\\\/P6013252.jpg\",\"width\":830,\"height\":622},{\"@type\":\"BreadcrumbList\",\"@id\":\"https:\\\/\\\/vrsc.lt\\\/pl\\\/2024\\\/06\\\/festyn-rodziny-i-sportu-w-rudominie\\\/#breadcrumb\",\"itemListElement\":[{\"@type\":\"ListItem\",\"position\":1,\"name\":\"Strona g\u0142\u00f3wna\",\"item\":\"https:\\\/\\\/vrsc.lt\\\/pl\\\/\"},{\"@type\":\"ListItem\",\"position\":2,\"name\":\"Aktualno\u015bci\",\"item\":\"https:\\\/\\\/vrsc.lt\\\/pl\\\/aktualnosci-2\\\/\"},{\"@type\":\"ListItem\",\"position\":3,\"name\":\"Rodzinny Festyn Sportowy w Rudominie\"}]},{\"@type\":\"WebSite\",\"@id\":\"https:\\\/\\\/vrsc.lt\\\/pl\\\/#website\",\"url\":\"https:\\\/\\\/vrsc.lt\\\/pl\\\/\",\"name\":\"VRSC\",\"description\":\"Vilniaus rajono sporto centras\",\"potentialAction\":[{\"@type\":\"SearchAction\",\"target\":{\"@type\":\"EntryPoint\",\"urlTemplate\":\"https:\\\/\\\/vrsc.lt\\\/pl\\\/?s={search_term_string}\"},\"query-input\":{\"@type\":\"PropertyValueSpecification\",\"valueRequired\":true,\"valueName\":\"search_term_string\"}}],\"inLanguage\":\"pl-PL\"},{\"@type\":\"Person\",\"@id\":\"https:\\\/\\\/vrsc.lt\\\/pl\\\/#\\\/schema\\\/person\\\/b0d7d262a1754f4ae86d40b81c6396ae\",\"name\":\"Darbuotojas\",\"image\":{\"@type\":\"ImageObject\",\"inLanguage\":\"pl-PL\",\"@id\":\"https:\\\/\\\/secure.gravatar.com\\\/avatar\\\/f251294b3aa485f74ceb19a4e7618f7d2c1b91167f04bd119d330241e26127dd?s=96&d=mm&r=g\",\"url\":\"https:\\\/\\\/secure.gravatar.com\\\/avatar\\\/f251294b3aa485f74ceb19a4e7618f7d2c1b91167f04bd119d330241e26127dd?s=96&d=mm&r=g\",\"contentUrl\":\"https:\\\/\\\/secure.gravatar.com\\\/avatar\\\/f251294b3aa485f74ceb19a4e7618f7d2c1b91167f04bd119d330241e26127dd?s=96&d=mm&r=g\",\"caption\":\"Darbuotojas\"},\"url\":\"https:\\\/\\\/vrsc.lt\\\/pl\\\/author\\\/98d05f45758f8903\\\/\"}]}<\/script>\n<!-- \/ Yoast SEO plugin. -->","yoast_head_json":{"title":"Rodzinny Festyn Sportowy w Rudominie - VRSC","robots":{"index":"index","follow":"follow","max-snippet":"max-snippet:-1","max-image-preview":"max-image-preview:large","max-video-preview":"max-video-preview:-1"},"canonical":"https:\/\/vrsc.lt\/pl\/2024\/06\/festyn-rodziny-i-sportu-w-rudominie\/","og_locale":"pl_PL","og_type":"article","og_title":"Rodzinny Festyn Sportowy w Rudominie - VRSC","og_description":"1 czerwca w parku w Rudaminie odby\u0142 si\u0119 Festyn Rodzinny festyn sportowy, kt\u00f3ry zgromadzi\u0142 licznych mieszka\u0144c\u00f3w Rudaminy i okolic oraz go\u015bci z Wilna. Imprez\u0119 zorganizowa\u0142o Centrum Kultury w Rudaminie, przygotowuj\u0105c wiele r\u00f3\u017cnych atrakcji dla dzieci i doros\u0142ych. Go\u015bci czeka\u0142y zawody sportowe w r\u00f3\u017cnych dyscyplinach, kt\u00f3re przeprowadzali metodycy z Centrum Sportu Rejonu Wile\u0144skiego. Podczas wydarzenia rodziny [&hellip;]","og_url":"https:\/\/vrsc.lt\/pl\/2024\/06\/festyn-rodziny-i-sportu-w-rudominie\/","og_site_name":"VRSC","article_published_time":"2024-06-03T08:26:54+00:00","article_modified_time":"2024-06-03T08:29:28+00:00","og_image":[{"width":830,"height":622,"url":"https:\/\/vrsc.lt\/wp-content\/uploads\/2024\/06\/P6013252.jpg","type":"image\/jpeg"}],"author":"Darbuotojas","twitter_card":"summary_large_image","twitter_misc":{"Napisane przez":"Darbuotojas","Szacowany czas czytania":"2 minuty"},"schema":{"@context":"https:\/\/schema.org","@graph":[{"@type":"Article","@id":"https:\/\/vrsc.lt\/pl\/2024\/06\/festyn-rodziny-i-sportu-w-rudominie\/#article","isPartOf":{"@id":"https:\/\/vrsc.lt\/pl\/2024\/06\/festyn-rodziny-i-sportu-w-rudominie\/"},"author":{"name":"Darbuotojas","@id":"https:\/\/vrsc.lt\/pl\/#\/schema\/person\/b0d7d262a1754f4ae86d40b81c6396ae"},"headline":"Rodzinny Festyn Sportowy w Rudominie","datePublished":"2024-06-03T08:26:54+00:00","dateModified":"2024-06-03T08:29:28+00:00","mainEntityOfPage":{"@id":"https:\/\/vrsc.lt\/pl\/2024\/06\/festyn-rodziny-i-sportu-w-rudominie\/"},"wordCount":279,"image":{"@id":"https:\/\/vrsc.lt\/pl\/2024\/06\/festyn-rodziny-i-sportu-w-rudominie\/#primaryimage"},"thumbnailUrl":"https:\/\/vrsc.lt\/wp-content\/uploads\/2024\/06\/P6013252.jpg","articleSection":["Aktualno\u015bci"],"inLanguage":"pl-PL"},{"@type":"WebPage","@id":"https:\/\/vrsc.lt\/pl\/2024\/06\/festyn-rodziny-i-sportu-w-rudominie\/","url":"https:\/\/vrsc.lt\/pl\/2024\/06\/festyn-rodziny-i-sportu-w-rudominie\/","name":"Rodzinny Festyn Sportowy w Rudominie - VRSC","isPartOf":{"@id":"https:\/\/vrsc.lt\/pl\/#website"},"primaryImageOfPage":{"@id":"https:\/\/vrsc.lt\/pl\/2024\/06\/festyn-rodziny-i-sportu-w-rudominie\/#primaryimage"},"image":{"@id":"https:\/\/vrsc.lt\/pl\/2024\/06\/festyn-rodziny-i-sportu-w-rudominie\/#primaryimage"},"thumbnailUrl":"https:\/\/vrsc.lt\/wp-content\/uploads\/2024\/06\/P6013252.jpg","datePublished":"2024-06-03T08:26:54+00:00","dateModified":"2024-06-03T08:29:28+00:00","author":{"@id":"https:\/\/vrsc.lt\/pl\/#\/schema\/person\/b0d7d262a1754f4ae86d40b81c6396ae"},"breadcrumb":{"@id":"https:\/\/vrsc.lt\/pl\/2024\/06\/festyn-rodziny-i-sportu-w-rudominie\/#breadcrumb"},"inLanguage":"pl-PL","potentialAction":[{"@type":"ReadAction","target":["https:\/\/vrsc.lt\/pl\/2024\/06\/festyn-rodziny-i-sportu-w-rudominie\/"]}]},{"@type":"ImageObject","inLanguage":"pl-PL","@id":"https:\/\/vrsc.lt\/pl\/2024\/06\/festyn-rodziny-i-sportu-w-rudominie\/#primaryimage","url":"https:\/\/vrsc.lt\/wp-content\/uploads\/2024\/06\/P6013252.jpg","contentUrl":"https:\/\/vrsc.lt\/wp-content\/uploads\/2024\/06\/P6013252.jpg","width":830,"height":622},{"@type":"BreadcrumbList","@id":"https:\/\/vrsc.lt\/pl\/2024\/06\/festyn-rodziny-i-sportu-w-rudominie\/#breadcrumb","itemListElement":[{"@type":"ListItem","position":1,"name":"Strona g\u0142\u00f3wna","item":"https:\/\/vrsc.lt\/pl\/"},{"@type":"ListItem","position":2,"name":"Aktualno\u015bci","item":"https:\/\/vrsc.lt\/pl\/aktualnosci-2\/"},{"@type":"ListItem","position":3,"name":"Rodzinny Festyn Sportowy w Rudominie"}]},{"@type":"WebSite","@id":"https:\/\/vrsc.lt\/pl\/#website","url":"https:\/\/vrsc.lt\/pl\/","name":"VRSC","description":"Vilniaus rajono sporto centras","potentialAction":[{"@type":"SearchAction","target":{"@type":"EntryPoint","urlTemplate":"https:\/\/vrsc.lt\/pl\/?s={search_term_string}"},"query-input":{"@type":"PropertyValueSpecification","valueRequired":true,"valueName":"search_term_string"}}],"inLanguage":"pl-PL"},{"@type":"Person","@id":"https:\/\/vrsc.lt\/pl\/#\/schema\/person\/b0d7d262a1754f4ae86d40b81c6396ae","name":"Darbuotojas","image":{"@type":"ImageObject","inLanguage":"pl-PL","@id":"https:\/\/secure.gravatar.com\/avatar\/f251294b3aa485f74ceb19a4e7618f7d2c1b91167f04bd119d330241e26127dd?s=96&d=mm&r=g","url":"https:\/\/secure.gravatar.com\/avatar\/f251294b3aa485f74ceb19a4e7618f7d2c1b91167f04bd119d330241e26127dd?s=96&d=mm&r=g","contentUrl":"https:\/\/secure.gravatar.com\/avatar\/f251294b3aa485f74ceb19a4e7618f7d2c1b91167f04bd119d330241e26127dd?s=96&d=mm&r=g","caption":"Darbuotojas"},"url":"https:\/\/vrsc.lt\/pl\/author\/98d05f45758f8903\/"}]}},"_links":{"self":[{"href":"https:\/\/vrsc.lt\/pl\/wp-json\/wp\/v2\/posts\/6415","targetHints":{"allow":["GET"]}}],"collection":[{"href":"https:\/\/vrsc.lt\/pl\/wp-json\/wp\/v2\/posts"}],"about":[{"href":"https:\/\/vrsc.lt\/pl\/wp-json\/wp\/v2\/types\/post"}],"author":[{"embeddable":true,"href":"https:\/\/vrsc.lt\/pl\/wp-json\/wp\/v2\/users\/5"}],"replies":[{"embeddable":true,"href":"https:\/\/vrsc.lt\/pl\/wp-json\/wp\/v2\/comments?post=6415"}],"version-history":[{"count":3,"href":"https:\/\/vrsc.lt\/pl\/wp-json\/wp\/v2\/posts\/6415\/revisions"}],"predecessor-version":[{"id":6419,"href":"https:\/\/vrsc.lt\/pl\/wp-json\/wp\/v2\/posts\/6415\/revisions\/6419"}],"wp:featuredmedia":[{"embeddable":true,"href":"https:\/\/vrsc.lt\/pl\/wp-json\/wp\/v2\/media\/6389"}],"wp:attachment":[{"href":"https:\/\/vrsc.lt\/pl\/wp-json\/wp\/v2\/media?parent=6415"}],"wp:term":[{"taxonomy":"category","embeddable":true,"href":"https:\/\/vrsc.lt\/pl\/wp-json\/wp\/v2\/categories?post=6415"},{"taxonomy":"post_tag","embeddable":true,"href":"https:\/\/vrsc.lt\/pl\/wp-json\/wp\/v2\/tags?post=6415"}],"curies":[{"name":"wp","href":"https:\/\/api.w.org\/{rel}","templated":true}]}}