{"id":5650,"date":"2024-02-26T17:45:12","date_gmt":"2024-02-26T17:45:12","guid":{"rendered":"https:\/\/vrsc.lt\/?p=5650"},"modified":"2024-02-26T17:47:34","modified_gmt":"2024-02-26T17:47:34","slug":"starty-biathlonisci-centrum-sportu-rejonu-wilenskiego-na-mlodziezowych-mistrzostwach-swiata-w-biathlonie-w-estonii","status":"publish","type":"post","link":"https:\/\/vrsc.lt\/pl\/2024\/02\/starty-biathlonisci-centrum-sportu-rejonu-wilenskiego-na-mlodziezowych-mistrzostwach-swiata-w-biathlonie-w-estonii\/","title":{"rendered":"Starty biathloni\u015bci Centrum Sportu Rejonu Wile\u0144skiego na M\u0142odzie\u017cowych Mistrzostwach \u015awiata w biathlonie w Estonii"},"content":{"rendered":"<p>W czwartek odby\u0142o si\u0119 otwarcie M\u0142odzie\u017cowych Mistrzostw \u015awiata w biatlonie, w kt\u00f3rym<br \/>\nbior\u0105 udzia\u0142 biathloni\u015bci z Centrum Sportu Rejonu Wile\u0144skiego Viktorija Augulyt\u0117, Emilia<br \/>\nMincewicz i Eliza \u0160idlauskait\u0117.<\/p>\n<p>\nW pi\u0105tek w biatlonowym o\u015brodku Otepaa sztafet\u0105 mieszan\u0105 rozpocz\u0119\u0142y si\u0119 Mistrzostwa<br \/>\n\u015awiata Junior\u00f3w w biatlonie. Biatloni\u015bci rywalizowali na dystansie 4&#215;6 km w strzelaniu w pozycji<br \/>\nle\u017c\u0105cej + stoj\u0105cej. Dwie pierwsze zmiany prowadzili Mikas Vild\u017ei\u016bnas i Juozas Augustinavi\u010dius,<br \/>\ntrzeci\u0105 Aust\u0117ja Pupelyt\u0117, a ostatni\u0105 powierzono Elizie \u0160idlauskait\u0117, wychowance Centrum Sportu<br \/>\nRejonu Wile\u0144skiego. Mikas strzela\u0142 bezb\u0142\u0119dnie, Juozas pope\u0142ni\u0142 2 b\u0142\u0119dy na strzelaniu stoj\u0105c i<br \/>\nprzekaza\u0142 sztafet\u0119 dla Aust\u0117ji na 16 miejscu. Aust\u0117ja pope\u0142ni\u0142a b\u0142\u0105d w strzelaniu i wyprawi\u0142a Eliz\u0119<br \/>\n\u0160idlauskait\u0117 na 24 pozycji, ust\u0119puj\u0105c liderom ju\u017c ca\u0142e okr\u0105\u017cenie. Elizie uda\u0142o si\u0119 jeszcze<br \/>\nprze\u015blizgn\u0105\u0107 2 km, w strzelaniu le\u017c\u0105c z 7 strza\u0142\u00f3w trafi\u0142a do wszystkich tarcz i \u015blizgn\u0119\u0142a na 24<br \/>\nmiejscu, ale liderzy wyprzedzili nasz\u0105 sztafet\u0119, dlatego musieli wycofa\u0107 si\u0119 z walki. Reprezentacja<br \/>\nLitwy zaj\u0119\u0142a 24 miejsce z 28 kraj\u00f3w.<\/p>\n<p>\nW grupie junior\u00f3w starszych litewska sztafeta, w kt\u00f3rej na trzeciej zmianie jecha\u0142a<br \/>\nbiatlonistka Centrum Sportu Rejonu Wile\u0144skiego Viktorija Augulyt\u0117, a na 4 zmianie Emilia<br \/>\nMincewicz, wypad\u0142a lepiej. Na pierwszej zmianie Nikita \u010cigak strzeli\u0142 bezb\u0142\u0119dnie i by\u0142 liderem<br \/>\ngrupy, ale na zje\u017adzie zderzy\u0142 si\u0119 z norweskim biatlonist\u0105 i obaj upadli. Nikita przekaza\u0142 sztafet\u0119<br \/>\nDariusowi Dindzie na 4 miejscu. Darius w strzelaniu na stoj\u0105co nie zamkn\u0105\u0142 dw\u00f3ch tarcz i po<br \/>\npokonaniu 2 okr\u0105\u017ce\u0144 karnych przekaza\u0142 sztafet\u0119 dla Viktoriji Augulyt\u0117 na 10 miejscu. Viktorija<br \/>\nbezb\u0142\u0119dnie wykona\u0142a strzelanie w pozycji le\u017c\u0105cej i stoj\u0105cej, wykorzystuj\u0105c 3 dodatkowe naboje i<br \/>\nodprawi\u0142a Emili\u0119 Mincewicz na ostatni\u0105 zmian\u0119 na 18 pozycji. Emilia trafi\u0142a we wszystkie 10 cele<br \/>\nna strzelnicy z 3 dodatkowymi strza\u0142ami i na mecie zaj\u0119\u0142a 19 miejsce w\u015br\u00f3d 23 kraj\u00f3w.<\/p>\n<p>\nW sobot\u0119 Emilia Mincewicz i Eliza \u0160idlauskait\u0117 rywalizowa\u0142y w biegu indywidualnym na 10<br \/>\nkm ze strzelaniem le\u017c\u0105c + stoj\u0105c + le\u017c\u0105c + stoj\u0105c, gdzie do czasu pokonania dystansu za niecelne<br \/>\nstrza\u0142y doliczano po 45 sekund karnych. Silne podmuchy wiatru uniemo\u017cliwia\u0142y biatlonistom celne<br \/>\nstrzelanie, szczeg\u00f3lnie na stoj\u0105co i nie pozwala\u0142y na pokazanie idealnego strzelania. Emilia<br \/>\nMincewicz w pozycji le\u017c\u0105cej pope\u0142ni\u0142a dwa b\u0142\u0119dy i \u015blizgn\u0119\u0142a na 87 miejscu. Na stoj\u0105co pope\u0142ni\u0142a<br \/>\njeszcze dwa b\u0142\u0119dy i by\u0142a na 89 pozycji. Na trzecim strzelaniu w pozycji le\u017c\u0105cej trafi\u0142a do<br \/>\nwszystkich tarcz i awansowa\u0142a na 76 miejsce. W ostatnim strzelaniu na stoj\u0105co E. Mincewicz<br \/>\ndokona\u0142a 3 niecelne strza\u0142y, przy tym spadaj\u0105c na 81 miejsce. Emilia Mincewicz 10 km po\u015blizgn\u0119\u0142a<br \/>\nw ci\u0105gu 51 min. 51,0 sek. i zaj\u0119\u0142a 84 miejsce.<\/p>\n<p>Jedna z najm\u0142odszych uczestniczek mistrzostw, 15-letnia Eliza \u0160idlauskait\u0117, poradzi\u0142a sobie z emocjami, bezb\u0142\u0119dnie strzeli\u0142a na le\u017c\u0105co i w\u015blizgn\u0119\u0142a na 71 pozycji, podczas strzelania stoj\u0105c przy silnym wietrze, Eliza pud\u0142owa\u0142a 3 razy i \u015blizn\u0119\u0142a na 100 miejscu. W trzecim strzelaniu w pozycji le\u017c\u0105cej pope\u0142ni\u0142a b\u0142\u0105d i \u015blizgn\u0119\u0142a na 99 pozycji. W ostatnim strzelaniu nie radz\u0105c sobie z silnym wiatrem pope\u0142ni\u0142a 4 b\u0142\u0119dy i utrzyma\u0142a 99 pozycj\u0119. Po szybkim przejechaniu ostatnich 2 km na mecie zaj\u0119\u0142a 97 miejsce z wynikiem 56 min. 41,4 sek.<\/p>\n<p>\nRusn\u0117 Motiej\u016bnait\u0117 10 km uko\u0144czy\u0142a w ci\u0105gu 1 godziny 00 min. 24,0 sek., zajmuj\u0105c 100 miejsce.<br \/>\nW niedziel\u0119 Viktorija Augulyt\u0117 mia\u0142a do pokonania dystans 5&#215;2,5 km z czterema liniami<br \/>\nognia. Wiktoria pierwsze strzelanie w pozycji le\u017c\u0105cej wykona\u0142a szybko, trafiaj\u0105c we wszystkie cele<br \/>\ni zajmowa\u0142a 34 pozycj\u0119, natomiast strzelaj\u0105c w pozycji stoj\u0105cej pope\u0142ni\u0142a 3 b\u0142\u0119dy i spad\u0142a na 77<br \/>\nmiejsce. W trzecim strzelaniu w pozycji le\u017c\u0105cej pomyli\u0142a si\u0119 2 razy i spad\u0142a na 79 miejsce, a w<br \/>\nostatnim strzelaniu na stoj\u0105co trafi\u0142a 4 razy i awansowa\u0142a na 77 pozycj\u0119. Wiktoria Augulyt\u0117 12,5<br \/>\nkm pokona\u0142a z wynikiem 58 min. 40,7 sek. i zaj\u0119\u0142a 77 miejsce.<\/p>\n<p>27 lutego podczas Mistrzostwa \u015awiata Junior\u00f3w w biatlonie odb\u0119d\u0105 si\u0119 wy\u015bcigi sprinterskie<br \/>\nna dystansach 6 i 7,5 km. Naszym biatlonistom \u017cyczymy szybkiej jazdy na nartach i celnych<br \/>\nstrza\u0142\u00f3w.<\/p>\n<p>Marian Kaczanowski<br \/>\nDyrektor Centrum Sportu RejonuWile\u0144skiego<\/p>\n","protected":false},"excerpt":{"rendered":"<p>W czwartek odby\u0142o si\u0119 otwarcie M\u0142odzie\u017cowych Mistrzostw \u015awiata w biatlonie, w kt\u00f3rym bior\u0105 udzia\u0142 biathloni\u015bci z Centrum Sportu Rejonu Wile\u0144skiego Viktorija Augulyt\u0117, Emilia Mincewicz i Eliza \u0160idlauskait\u0117. W pi\u0105tek w biatlonowym o\u015brodku Otepaa sztafet\u0105 mieszan\u0105 rozpocz\u0119\u0142y si\u0119 Mistrzostwa \u015awiata Junior\u00f3w w biatlonie. Biatloni\u015bci rywalizowali na dystansie 4&#215;6 km w strzelaniu w pozycji le\u017c\u0105cej + stoj\u0105cej. [&hellip;]<\/p>\n","protected":false},"author":5,"featured_media":5627,"comment_status":"closed","ping_status":"closed","sticky":false,"template":"","format":"standard","meta":{"_acf_changed":false,"footnotes":""},"categories":[],"tags":[],"class_list":["post-5650","post","type-post","status-publish","format-standard","has-post-thumbnail","hentry"],"acf":[],"yoast_head":"<!-- This site is optimized with the Yoast SEO plugin v27.5 - https:\/\/yoast.com\/product\/yoast-seo-wordpress\/ -->\n<title>Starty biathloni\u015bci Centrum Sportu Rejonu Wile\u0144skiego na M\u0142odzie\u017cowych Mistrzostwach \u015awiata w biathlonie w Estonii - VRSC<\/title>\n<meta name=\"robots\" content=\"index, follow, max-snippet:-1, max-image-preview:large, max-video-preview:-1\" \/>\n<link rel=\"canonical\" href=\"https:\/\/vrsc.lt\/pl\/2024\/02\/starty-biathlonisci-centrum-sportu-rejonu-wilenskiego-na-mlodziezowych-mistrzostwach-swiata-w-biathlonie-w-estonii\/\" \/>\n<meta property=\"og:locale\" content=\"pl_PL\" \/>\n<meta property=\"og:type\" content=\"article\" \/>\n<meta property=\"og:title\" content=\"Starty biathloni\u015bci Centrum Sportu Rejonu Wile\u0144skiego na M\u0142odzie\u017cowych Mistrzostwach \u015awiata w biathlonie w Estonii - VRSC\" \/>\n<meta property=\"og:description\" content=\"W czwartek odby\u0142o si\u0119 otwarcie M\u0142odzie\u017cowych Mistrzostw \u015awiata w biatlonie, w kt\u00f3rym bior\u0105 udzia\u0142 biathloni\u015bci z Centrum Sportu Rejonu Wile\u0144skiego Viktorija Augulyt\u0117, Emilia Mincewicz i Eliza \u0160idlauskait\u0117. W pi\u0105tek w biatlonowym o\u015brodku Otepaa sztafet\u0105 mieszan\u0105 rozpocz\u0119\u0142y si\u0119 Mistrzostwa \u015awiata Junior\u00f3w w biatlonie. Biatloni\u015bci rywalizowali na dystansie 4&#215;6 km w strzelaniu w pozycji le\u017c\u0105cej + stoj\u0105cej. [&hellip;]\" \/>\n<meta property=\"og:url\" content=\"https:\/\/vrsc.lt\/pl\/2024\/02\/starty-biathlonisci-centrum-sportu-rejonu-wilenskiego-na-mlodziezowych-mistrzostwach-swiata-w-biathlonie-w-estonii\/\" \/>\n<meta property=\"og:site_name\" content=\"VRSC\" \/>\n<meta property=\"article:published_time\" content=\"2024-02-26T17:45:12+00:00\" \/>\n<meta property=\"article:modified_time\" content=\"2024-02-26T17:47:34+00:00\" \/>\n<meta property=\"og:image\" content=\"https:\/\/vrsc.lt\/wp-content\/uploads\/2024\/02\/P2232647.jpg\" \/>\n\t<meta property=\"og:image:width\" content=\"1037\" \/>\n\t<meta property=\"og:image:height\" content=\"778\" \/>\n\t<meta property=\"og:image:type\" content=\"image\/jpeg\" \/>\n<meta name=\"author\" content=\"Darbuotojas\" \/>\n<meta name=\"twitter:card\" content=\"summary_large_image\" \/>\n<meta name=\"twitter:label1\" content=\"Napisane przez\" \/>\n\t<meta name=\"twitter:data1\" content=\"Darbuotojas\" \/>\n\t<meta name=\"twitter:label2\" content=\"Szacowany czas czytania\" \/>\n\t<meta name=\"twitter:data2\" content=\"4 minuty\" \/>\n<script type=\"application\/ld+json\" class=\"yoast-schema-graph\">{\"@context\":\"https:\\\/\\\/schema.org\",\"@graph\":[{\"@type\":\"Article\",\"@id\":\"https:\\\/\\\/vrsc.lt\\\/pl\\\/2024\\\/02\\\/starty-biathlonisci-centrum-sportu-rejonu-wilenskiego-na-mlodziezowych-mistrzostwach-swiata-w-biathlonie-w-estonii\\\/#article\",\"isPartOf\":{\"@id\":\"https:\\\/\\\/vrsc.lt\\\/pl\\\/2024\\\/02\\\/starty-biathlonisci-centrum-sportu-rejonu-wilenskiego-na-mlodziezowych-mistrzostwach-swiata-w-biathlonie-w-estonii\\\/\"},\"author\":{\"name\":\"Darbuotojas\",\"@id\":\"https:\\\/\\\/vrsc.lt\\\/pl\\\/#\\\/schema\\\/person\\\/b0d7d262a1754f4ae86d40b81c6396ae\"},\"headline\":\"Starty biathloni\u015bci Centrum Sportu Rejonu Wile\u0144skiego na M\u0142odzie\u017cowych Mistrzostwach \u015awiata w biathlonie w Estonii\",\"datePublished\":\"2024-02-26T17:45:12+00:00\",\"dateModified\":\"2024-02-26T17:47:34+00:00\",\"mainEntityOfPage\":{\"@id\":\"https:\\\/\\\/vrsc.lt\\\/pl\\\/2024\\\/02\\\/starty-biathlonisci-centrum-sportu-rejonu-wilenskiego-na-mlodziezowych-mistrzostwach-swiata-w-biathlonie-w-estonii\\\/\"},\"wordCount\":721,\"image\":{\"@id\":\"https:\\\/\\\/vrsc.lt\\\/pl\\\/2024\\\/02\\\/starty-biathlonisci-centrum-sportu-rejonu-wilenskiego-na-mlodziezowych-mistrzostwach-swiata-w-biathlonie-w-estonii\\\/#primaryimage\"},\"thumbnailUrl\":\"https:\\\/\\\/vrsc.lt\\\/wp-content\\\/uploads\\\/2024\\\/02\\\/P2232647.jpg\",\"inLanguage\":\"pl-PL\"},{\"@type\":\"WebPage\",\"@id\":\"https:\\\/\\\/vrsc.lt\\\/pl\\\/2024\\\/02\\\/starty-biathlonisci-centrum-sportu-rejonu-wilenskiego-na-mlodziezowych-mistrzostwach-swiata-w-biathlonie-w-estonii\\\/\",\"url\":\"https:\\\/\\\/vrsc.lt\\\/pl\\\/2024\\\/02\\\/starty-biathlonisci-centrum-sportu-rejonu-wilenskiego-na-mlodziezowych-mistrzostwach-swiata-w-biathlonie-w-estonii\\\/\",\"name\":\"Starty biathloni\u015bci Centrum Sportu Rejonu Wile\u0144skiego na M\u0142odzie\u017cowych Mistrzostwach \u015awiata w biathlonie w Estonii - VRSC\",\"isPartOf\":{\"@id\":\"https:\\\/\\\/vrsc.lt\\\/pl\\\/#website\"},\"primaryImageOfPage\":{\"@id\":\"https:\\\/\\\/vrsc.lt\\\/pl\\\/2024\\\/02\\\/starty-biathlonisci-centrum-sportu-rejonu-wilenskiego-na-mlodziezowych-mistrzostwach-swiata-w-biathlonie-w-estonii\\\/#primaryimage\"},\"image\":{\"@id\":\"https:\\\/\\\/vrsc.lt\\\/pl\\\/2024\\\/02\\\/starty-biathlonisci-centrum-sportu-rejonu-wilenskiego-na-mlodziezowych-mistrzostwach-swiata-w-biathlonie-w-estonii\\\/#primaryimage\"},\"thumbnailUrl\":\"https:\\\/\\\/vrsc.lt\\\/wp-content\\\/uploads\\\/2024\\\/02\\\/P2232647.jpg\",\"datePublished\":\"2024-02-26T17:45:12+00:00\",\"dateModified\":\"2024-02-26T17:47:34+00:00\",\"author\":{\"@id\":\"https:\\\/\\\/vrsc.lt\\\/pl\\\/#\\\/schema\\\/person\\\/b0d7d262a1754f4ae86d40b81c6396ae\"},\"breadcrumb\":{\"@id\":\"https:\\\/\\\/vrsc.lt\\\/pl\\\/2024\\\/02\\\/starty-biathlonisci-centrum-sportu-rejonu-wilenskiego-na-mlodziezowych-mistrzostwach-swiata-w-biathlonie-w-estonii\\\/#breadcrumb\"},\"inLanguage\":\"pl-PL\",\"potentialAction\":[{\"@type\":\"ReadAction\",\"target\":[\"https:\\\/\\\/vrsc.lt\\\/pl\\\/2024\\\/02\\\/starty-biathlonisci-centrum-sportu-rejonu-wilenskiego-na-mlodziezowych-mistrzostwach-swiata-w-biathlonie-w-estonii\\\/\"]}]},{\"@type\":\"ImageObject\",\"inLanguage\":\"pl-PL\",\"@id\":\"https:\\\/\\\/vrsc.lt\\\/pl\\\/2024\\\/02\\\/starty-biathlonisci-centrum-sportu-rejonu-wilenskiego-na-mlodziezowych-mistrzostwach-swiata-w-biathlonie-w-estonii\\\/#primaryimage\",\"url\":\"https:\\\/\\\/vrsc.lt\\\/wp-content\\\/uploads\\\/2024\\\/02\\\/P2232647.jpg\",\"contentUrl\":\"https:\\\/\\\/vrsc.lt\\\/wp-content\\\/uploads\\\/2024\\\/02\\\/P2232647.jpg\",\"width\":1037,\"height\":778},{\"@type\":\"BreadcrumbList\",\"@id\":\"https:\\\/\\\/vrsc.lt\\\/pl\\\/2024\\\/02\\\/starty-biathlonisci-centrum-sportu-rejonu-wilenskiego-na-mlodziezowych-mistrzostwach-swiata-w-biathlonie-w-estonii\\\/#breadcrumb\",\"itemListElement\":[{\"@type\":\"ListItem\",\"position\":1,\"name\":\"Strona g\u0142\u00f3wna\",\"item\":\"https:\\\/\\\/vrsc.lt\\\/pl\\\/\"},{\"@type\":\"ListItem\",\"position\":2,\"name\":\"Aktualno\u015bci\",\"item\":\"https:\\\/\\\/vrsc.lt\\\/pl\\\/aktualnosci-2\\\/\"},{\"@type\":\"ListItem\",\"position\":3,\"name\":\"Starty biathloni\u015bci Centrum Sportu Rejonu Wile\u0144skiego na M\u0142odzie\u017cowych Mistrzostwach \u015awiata w biathlonie w Estonii\"}]},{\"@type\":\"WebSite\",\"@id\":\"https:\\\/\\\/vrsc.lt\\\/pl\\\/#website\",\"url\":\"https:\\\/\\\/vrsc.lt\\\/pl\\\/\",\"name\":\"VRSC\",\"description\":\"Vilniaus rajono sporto centras\",\"potentialAction\":[{\"@type\":\"SearchAction\",\"target\":{\"@type\":\"EntryPoint\",\"urlTemplate\":\"https:\\\/\\\/vrsc.lt\\\/pl\\\/?s={search_term_string}\"},\"query-input\":{\"@type\":\"PropertyValueSpecification\",\"valueRequired\":true,\"valueName\":\"search_term_string\"}}],\"inLanguage\":\"pl-PL\"},{\"@type\":\"Person\",\"@id\":\"https:\\\/\\\/vrsc.lt\\\/pl\\\/#\\\/schema\\\/person\\\/b0d7d262a1754f4ae86d40b81c6396ae\",\"name\":\"Darbuotojas\",\"image\":{\"@type\":\"ImageObject\",\"inLanguage\":\"pl-PL\",\"@id\":\"https:\\\/\\\/secure.gravatar.com\\\/avatar\\\/f251294b3aa485f74ceb19a4e7618f7d2c1b91167f04bd119d330241e26127dd?s=96&d=mm&r=g\",\"url\":\"https:\\\/\\\/secure.gravatar.com\\\/avatar\\\/f251294b3aa485f74ceb19a4e7618f7d2c1b91167f04bd119d330241e26127dd?s=96&d=mm&r=g\",\"contentUrl\":\"https:\\\/\\\/secure.gravatar.com\\\/avatar\\\/f251294b3aa485f74ceb19a4e7618f7d2c1b91167f04bd119d330241e26127dd?s=96&d=mm&r=g\",\"caption\":\"Darbuotojas\"},\"url\":\"https:\\\/\\\/vrsc.lt\\\/pl\\\/author\\\/98d05f45758f8903\\\/\"}]}<\/script>\n<!-- \/ Yoast SEO plugin. -->","yoast_head_json":{"title":"Starty biathloni\u015bci Centrum Sportu Rejonu Wile\u0144skiego na M\u0142odzie\u017cowych Mistrzostwach \u015awiata w biathlonie w Estonii - VRSC","robots":{"index":"index","follow":"follow","max-snippet":"max-snippet:-1","max-image-preview":"max-image-preview:large","max-video-preview":"max-video-preview:-1"},"canonical":"https:\/\/vrsc.lt\/pl\/2024\/02\/starty-biathlonisci-centrum-sportu-rejonu-wilenskiego-na-mlodziezowych-mistrzostwach-swiata-w-biathlonie-w-estonii\/","og_locale":"pl_PL","og_type":"article","og_title":"Starty biathloni\u015bci Centrum Sportu Rejonu Wile\u0144skiego na M\u0142odzie\u017cowych Mistrzostwach \u015awiata w biathlonie w Estonii - VRSC","og_description":"W czwartek odby\u0142o si\u0119 otwarcie M\u0142odzie\u017cowych Mistrzostw \u015awiata w biatlonie, w kt\u00f3rym bior\u0105 udzia\u0142 biathloni\u015bci z Centrum Sportu Rejonu Wile\u0144skiego Viktorija Augulyt\u0117, Emilia Mincewicz i Eliza \u0160idlauskait\u0117. W pi\u0105tek w biatlonowym o\u015brodku Otepaa sztafet\u0105 mieszan\u0105 rozpocz\u0119\u0142y si\u0119 Mistrzostwa \u015awiata Junior\u00f3w w biatlonie. Biatloni\u015bci rywalizowali na dystansie 4&#215;6 km w strzelaniu w pozycji le\u017c\u0105cej + stoj\u0105cej. [&hellip;]","og_url":"https:\/\/vrsc.lt\/pl\/2024\/02\/starty-biathlonisci-centrum-sportu-rejonu-wilenskiego-na-mlodziezowych-mistrzostwach-swiata-w-biathlonie-w-estonii\/","og_site_name":"VRSC","article_published_time":"2024-02-26T17:45:12+00:00","article_modified_time":"2024-02-26T17:47:34+00:00","og_image":[{"width":1037,"height":778,"url":"https:\/\/vrsc.lt\/wp-content\/uploads\/2024\/02\/P2232647.jpg","type":"image\/jpeg"}],"author":"Darbuotojas","twitter_card":"summary_large_image","twitter_misc":{"Napisane przez":"Darbuotojas","Szacowany czas czytania":"4 minuty"},"schema":{"@context":"https:\/\/schema.org","@graph":[{"@type":"Article","@id":"https:\/\/vrsc.lt\/pl\/2024\/02\/starty-biathlonisci-centrum-sportu-rejonu-wilenskiego-na-mlodziezowych-mistrzostwach-swiata-w-biathlonie-w-estonii\/#article","isPartOf":{"@id":"https:\/\/vrsc.lt\/pl\/2024\/02\/starty-biathlonisci-centrum-sportu-rejonu-wilenskiego-na-mlodziezowych-mistrzostwach-swiata-w-biathlonie-w-estonii\/"},"author":{"name":"Darbuotojas","@id":"https:\/\/vrsc.lt\/pl\/#\/schema\/person\/b0d7d262a1754f4ae86d40b81c6396ae"},"headline":"Starty biathloni\u015bci Centrum Sportu Rejonu Wile\u0144skiego na M\u0142odzie\u017cowych Mistrzostwach \u015awiata w biathlonie w Estonii","datePublished":"2024-02-26T17:45:12+00:00","dateModified":"2024-02-26T17:47:34+00:00","mainEntityOfPage":{"@id":"https:\/\/vrsc.lt\/pl\/2024\/02\/starty-biathlonisci-centrum-sportu-rejonu-wilenskiego-na-mlodziezowych-mistrzostwach-swiata-w-biathlonie-w-estonii\/"},"wordCount":721,"image":{"@id":"https:\/\/vrsc.lt\/pl\/2024\/02\/starty-biathlonisci-centrum-sportu-rejonu-wilenskiego-na-mlodziezowych-mistrzostwach-swiata-w-biathlonie-w-estonii\/#primaryimage"},"thumbnailUrl":"https:\/\/vrsc.lt\/wp-content\/uploads\/2024\/02\/P2232647.jpg","inLanguage":"pl-PL"},{"@type":"WebPage","@id":"https:\/\/vrsc.lt\/pl\/2024\/02\/starty-biathlonisci-centrum-sportu-rejonu-wilenskiego-na-mlodziezowych-mistrzostwach-swiata-w-biathlonie-w-estonii\/","url":"https:\/\/vrsc.lt\/pl\/2024\/02\/starty-biathlonisci-centrum-sportu-rejonu-wilenskiego-na-mlodziezowych-mistrzostwach-swiata-w-biathlonie-w-estonii\/","name":"Starty biathloni\u015bci Centrum Sportu Rejonu Wile\u0144skiego na M\u0142odzie\u017cowych Mistrzostwach \u015awiata w biathlonie w Estonii - VRSC","isPartOf":{"@id":"https:\/\/vrsc.lt\/pl\/#website"},"primaryImageOfPage":{"@id":"https:\/\/vrsc.lt\/pl\/2024\/02\/starty-biathlonisci-centrum-sportu-rejonu-wilenskiego-na-mlodziezowych-mistrzostwach-swiata-w-biathlonie-w-estonii\/#primaryimage"},"image":{"@id":"https:\/\/vrsc.lt\/pl\/2024\/02\/starty-biathlonisci-centrum-sportu-rejonu-wilenskiego-na-mlodziezowych-mistrzostwach-swiata-w-biathlonie-w-estonii\/#primaryimage"},"thumbnailUrl":"https:\/\/vrsc.lt\/wp-content\/uploads\/2024\/02\/P2232647.jpg","datePublished":"2024-02-26T17:45:12+00:00","dateModified":"2024-02-26T17:47:34+00:00","author":{"@id":"https:\/\/vrsc.lt\/pl\/#\/schema\/person\/b0d7d262a1754f4ae86d40b81c6396ae"},"breadcrumb":{"@id":"https:\/\/vrsc.lt\/pl\/2024\/02\/starty-biathlonisci-centrum-sportu-rejonu-wilenskiego-na-mlodziezowych-mistrzostwach-swiata-w-biathlonie-w-estonii\/#breadcrumb"},"inLanguage":"pl-PL","potentialAction":[{"@type":"ReadAction","target":["https:\/\/vrsc.lt\/pl\/2024\/02\/starty-biathlonisci-centrum-sportu-rejonu-wilenskiego-na-mlodziezowych-mistrzostwach-swiata-w-biathlonie-w-estonii\/"]}]},{"@type":"ImageObject","inLanguage":"pl-PL","@id":"https:\/\/vrsc.lt\/pl\/2024\/02\/starty-biathlonisci-centrum-sportu-rejonu-wilenskiego-na-mlodziezowych-mistrzostwach-swiata-w-biathlonie-w-estonii\/#primaryimage","url":"https:\/\/vrsc.lt\/wp-content\/uploads\/2024\/02\/P2232647.jpg","contentUrl":"https:\/\/vrsc.lt\/wp-content\/uploads\/2024\/02\/P2232647.jpg","width":1037,"height":778},{"@type":"BreadcrumbList","@id":"https:\/\/vrsc.lt\/pl\/2024\/02\/starty-biathlonisci-centrum-sportu-rejonu-wilenskiego-na-mlodziezowych-mistrzostwach-swiata-w-biathlonie-w-estonii\/#breadcrumb","itemListElement":[{"@type":"ListItem","position":1,"name":"Strona g\u0142\u00f3wna","item":"https:\/\/vrsc.lt\/pl\/"},{"@type":"ListItem","position":2,"name":"Aktualno\u015bci","item":"https:\/\/vrsc.lt\/pl\/aktualnosci-2\/"},{"@type":"ListItem","position":3,"name":"Starty biathloni\u015bci Centrum Sportu Rejonu Wile\u0144skiego na M\u0142odzie\u017cowych Mistrzostwach \u015awiata w biathlonie w Estonii"}]},{"@type":"WebSite","@id":"https:\/\/vrsc.lt\/pl\/#website","url":"https:\/\/vrsc.lt\/pl\/","name":"VRSC","description":"Vilniaus rajono sporto centras","potentialAction":[{"@type":"SearchAction","target":{"@type":"EntryPoint","urlTemplate":"https:\/\/vrsc.lt\/pl\/?s={search_term_string}"},"query-input":{"@type":"PropertyValueSpecification","valueRequired":true,"valueName":"search_term_string"}}],"inLanguage":"pl-PL"},{"@type":"Person","@id":"https:\/\/vrsc.lt\/pl\/#\/schema\/person\/b0d7d262a1754f4ae86d40b81c6396ae","name":"Darbuotojas","image":{"@type":"ImageObject","inLanguage":"pl-PL","@id":"https:\/\/secure.gravatar.com\/avatar\/f251294b3aa485f74ceb19a4e7618f7d2c1b91167f04bd119d330241e26127dd?s=96&d=mm&r=g","url":"https:\/\/secure.gravatar.com\/avatar\/f251294b3aa485f74ceb19a4e7618f7d2c1b91167f04bd119d330241e26127dd?s=96&d=mm&r=g","contentUrl":"https:\/\/secure.gravatar.com\/avatar\/f251294b3aa485f74ceb19a4e7618f7d2c1b91167f04bd119d330241e26127dd?s=96&d=mm&r=g","caption":"Darbuotojas"},"url":"https:\/\/vrsc.lt\/pl\/author\/98d05f45758f8903\/"}]}},"_links":{"self":[{"href":"https:\/\/vrsc.lt\/pl\/wp-json\/wp\/v2\/posts\/5650","targetHints":{"allow":["GET"]}}],"collection":[{"href":"https:\/\/vrsc.lt\/pl\/wp-json\/wp\/v2\/posts"}],"about":[{"href":"https:\/\/vrsc.lt\/pl\/wp-json\/wp\/v2\/types\/post"}],"author":[{"embeddable":true,"href":"https:\/\/vrsc.lt\/pl\/wp-json\/wp\/v2\/users\/5"}],"replies":[{"embeddable":true,"href":"https:\/\/vrsc.lt\/pl\/wp-json\/wp\/v2\/comments?post=5650"}],"version-history":[{"count":3,"href":"https:\/\/vrsc.lt\/pl\/wp-json\/wp\/v2\/posts\/5650\/revisions"}],"predecessor-version":[{"id":5654,"href":"https:\/\/vrsc.lt\/pl\/wp-json\/wp\/v2\/posts\/5650\/revisions\/5654"}],"wp:featuredmedia":[{"embeddable":true,"href":"https:\/\/vrsc.lt\/pl\/wp-json\/wp\/v2\/media\/5627"}],"wp:attachment":[{"href":"https:\/\/vrsc.lt\/pl\/wp-json\/wp\/v2\/media?parent=5650"}],"wp:term":[{"taxonomy":"category","embeddable":true,"href":"https:\/\/vrsc.lt\/pl\/wp-json\/wp\/v2\/categories?post=5650"},{"taxonomy":"post_tag","embeddable":true,"href":"https:\/\/vrsc.lt\/pl\/wp-json\/wp\/v2\/tags?post=5650"}],"curies":[{"name":"wp","href":"https:\/\/api.w.org\/{rel}","templated":true}]}}