{"id":4936,"date":"2023-12-13T11:37:13","date_gmt":"2023-12-13T11:37:13","guid":{"rendered":"https:\/\/vrsc.lt\/?p=4936"},"modified":"2023-12-13T11:38:14","modified_gmt":"2023-12-13T11:38:14","slug":"odbyly-sie-mistrzostwa-rejonu-wilenskiego-w-szachach-i-warcabach","status":"publish","type":"post","link":"https:\/\/vrsc.lt\/pl\/2023\/12\/odbyly-sie-mistrzostwa-rejonu-wilenskiego-w-szachach-i-warcabach\/","title":{"rendered":"Odby\u0142y si\u0119 Mistrzostwa Rejonu Wile\u0144skiego w szachach i warcabach"},"content":{"rendered":"<p>\nSzachy i warcaby &#8211; jedne z najbardziej popularnych dyscyplin intelektualnych na \u015bwiecie. W<br \/>\ndniu 9 grudnia w Centrum Kultury w Niemenczynie odby\u0142y si\u0119 Mistrzostwa Rejonu Wile\u0144skiego w<br \/>\nwarcabach i szachach.O tytu\u0142 zwyci\u0119zcy rywalizowa\u0142o a\u017c 22 uczestnik\u00f3w z rejonu wile\u0144skiego.<br \/>\nW zawodach warcab\u00f3w wzi\u0119\u0142o udzia\u0142 8 uczestnik\u00f3w. W\u015br\u00f3d m\u0119\u017cczyzn 1. miejsce zaj\u0105\u0142<br \/>\nValentinas Karalius, drugie miejsce \u2013 Virgis Gumbaragis, a trzecie \u2013 Antanas Smaidrys. W\u015br\u00f3d<br \/>\nkobiet najsilniejsz\u0105 by\u0142a Irena Gird\u017ei\u016bt\u0117.<br \/>\nNajwi\u0119cej uczestnik\u00f3w zgromadzili zawody w szachy, a zwyci\u0119zcami zostali: Zbigniev<br \/>\nBortkievi\u010d, kt\u00f3ry zaj\u0105\u0142 pierwsze miejsce, Julius Butkus \u2013 2. miejsce i Valerijus Bugajecas \u2013 3.<br \/>\nmiejsce.<br \/>\nGratulujemy zwyci\u0119zcom i zdobywcom nagr\u00f3d oraz dzi\u0119kujemy wszystkim uczestnikom!<br \/>\nAlina \u0141awrynowicz<br \/>\nOrganizator imprez Centrum Sportu Rejonu Wile\u0144skiego<\/p>\n","protected":false},"excerpt":{"rendered":"<p>Szachy i warcaby &#8211; jedne z najbardziej popularnych dyscyplin intelektualnych na \u015bwiecie. W dniu 9 grudnia w Centrum Kultury w Niemenczynie odby\u0142y si\u0119 Mistrzostwa Rejonu Wile\u0144skiego w warcabach i szachach.O tytu\u0142 zwyci\u0119zcy rywalizowa\u0142o a\u017c 22 uczestnik\u00f3w z rejonu wile\u0144skiego. W zawodach warcab\u00f3w wzi\u0119\u0142o udzia\u0142 8 uczestnik\u00f3w. W\u015br\u00f3d m\u0119\u017cczyzn 1. miejsce zaj\u0105\u0142 Valentinas Karalius, drugie miejsce [&hellip;]<\/p>\n","protected":false},"author":5,"featured_media":4930,"comment_status":"closed","ping_status":"closed","sticky":false,"template":"","format":"standard","meta":{"_acf_changed":false,"footnotes":""},"categories":[],"tags":[],"class_list":["post-4936","post","type-post","status-publish","format-standard","has-post-thumbnail","hentry"],"acf":[],"yoast_head":"<!-- This site is optimized with the Yoast SEO plugin v27.5 - https:\/\/yoast.com\/product\/yoast-seo-wordpress\/ -->\n<title>Odby\u0142y si\u0119 Mistrzostwa Rejonu Wile\u0144skiego w szachach i warcabach - VRSC<\/title>\n<meta name=\"robots\" content=\"index, follow, max-snippet:-1, max-image-preview:large, max-video-preview:-1\" \/>\n<link rel=\"canonical\" href=\"https:\/\/vrsc.lt\/pl\/2023\/12\/odbyly-sie-mistrzostwa-rejonu-wilenskiego-w-szachach-i-warcabach\/\" \/>\n<meta property=\"og:locale\" content=\"pl_PL\" \/>\n<meta property=\"og:type\" content=\"article\" \/>\n<meta property=\"og:title\" content=\"Odby\u0142y si\u0119 Mistrzostwa Rejonu Wile\u0144skiego w szachach i warcabach - VRSC\" \/>\n<meta property=\"og:description\" content=\"Szachy i warcaby &#8211; jedne z najbardziej popularnych dyscyplin intelektualnych na \u015bwiecie. W dniu 9 grudnia w Centrum Kultury w Niemenczynie odby\u0142y si\u0119 Mistrzostwa Rejonu Wile\u0144skiego w warcabach i szachach.O tytu\u0142 zwyci\u0119zcy rywalizowa\u0142o a\u017c 22 uczestnik\u00f3w z rejonu wile\u0144skiego. W zawodach warcab\u00f3w wzi\u0119\u0142o udzia\u0142 8 uczestnik\u00f3w. W\u015br\u00f3d m\u0119\u017cczyzn 1. miejsce zaj\u0105\u0142 Valentinas Karalius, drugie miejsce [&hellip;]\" \/>\n<meta property=\"og:url\" content=\"https:\/\/vrsc.lt\/pl\/2023\/12\/odbyly-sie-mistrzostwa-rejonu-wilenskiego-w-szachach-i-warcabach\/\" \/>\n<meta property=\"og:site_name\" content=\"VRSC\" \/>\n<meta property=\"article:published_time\" content=\"2023-12-13T11:37:13+00:00\" \/>\n<meta property=\"article:modified_time\" content=\"2023-12-13T11:38:14+00:00\" \/>\n<meta property=\"og:image\" content=\"https:\/\/vrsc.lt\/wp-content\/uploads\/2023\/12\/FB_IMG_1702392527715.jpg\" \/>\n\t<meta property=\"og:image:width\" content=\"1080\" \/>\n\t<meta property=\"og:image:height\" content=\"810\" \/>\n\t<meta property=\"og:image:type\" content=\"image\/jpeg\" \/>\n<meta name=\"author\" content=\"Darbuotojas\" \/>\n<meta name=\"twitter:card\" content=\"summary_large_image\" \/>\n<meta name=\"twitter:label1\" content=\"Napisane przez\" \/>\n\t<meta name=\"twitter:data1\" content=\"Darbuotojas\" \/>\n\t<meta name=\"twitter:label2\" content=\"Szacowany czas czytania\" \/>\n\t<meta name=\"twitter:data2\" content=\"1 minuta\" \/>\n<script type=\"application\/ld+json\" class=\"yoast-schema-graph\">{\"@context\":\"https:\\\/\\\/schema.org\",\"@graph\":[{\"@type\":\"Article\",\"@id\":\"https:\\\/\\\/vrsc.lt\\\/pl\\\/2023\\\/12\\\/odbyly-sie-mistrzostwa-rejonu-wilenskiego-w-szachach-i-warcabach\\\/#article\",\"isPartOf\":{\"@id\":\"https:\\\/\\\/vrsc.lt\\\/pl\\\/2023\\\/12\\\/odbyly-sie-mistrzostwa-rejonu-wilenskiego-w-szachach-i-warcabach\\\/\"},\"author\":{\"name\":\"Darbuotojas\",\"@id\":\"https:\\\/\\\/vrsc.lt\\\/pl\\\/#\\\/schema\\\/person\\\/b0d7d262a1754f4ae86d40b81c6396ae\"},\"headline\":\"Odby\u0142y si\u0119 Mistrzostwa Rejonu Wile\u0144skiego w szachach i warcabach\",\"datePublished\":\"2023-12-13T11:37:13+00:00\",\"dateModified\":\"2023-12-13T11:38:14+00:00\",\"mainEntityOfPage\":{\"@id\":\"https:\\\/\\\/vrsc.lt\\\/pl\\\/2023\\\/12\\\/odbyly-sie-mistrzostwa-rejonu-wilenskiego-w-szachach-i-warcabach\\\/\"},\"wordCount\":139,\"image\":{\"@id\":\"https:\\\/\\\/vrsc.lt\\\/pl\\\/2023\\\/12\\\/odbyly-sie-mistrzostwa-rejonu-wilenskiego-w-szachach-i-warcabach\\\/#primaryimage\"},\"thumbnailUrl\":\"https:\\\/\\\/vrsc.lt\\\/wp-content\\\/uploads\\\/2023\\\/12\\\/FB_IMG_1702392527715.jpg\",\"inLanguage\":\"pl-PL\"},{\"@type\":\"WebPage\",\"@id\":\"https:\\\/\\\/vrsc.lt\\\/pl\\\/2023\\\/12\\\/odbyly-sie-mistrzostwa-rejonu-wilenskiego-w-szachach-i-warcabach\\\/\",\"url\":\"https:\\\/\\\/vrsc.lt\\\/pl\\\/2023\\\/12\\\/odbyly-sie-mistrzostwa-rejonu-wilenskiego-w-szachach-i-warcabach\\\/\",\"name\":\"Odby\u0142y si\u0119 Mistrzostwa Rejonu Wile\u0144skiego w szachach i warcabach - VRSC\",\"isPartOf\":{\"@id\":\"https:\\\/\\\/vrsc.lt\\\/pl\\\/#website\"},\"primaryImageOfPage\":{\"@id\":\"https:\\\/\\\/vrsc.lt\\\/pl\\\/2023\\\/12\\\/odbyly-sie-mistrzostwa-rejonu-wilenskiego-w-szachach-i-warcabach\\\/#primaryimage\"},\"image\":{\"@id\":\"https:\\\/\\\/vrsc.lt\\\/pl\\\/2023\\\/12\\\/odbyly-sie-mistrzostwa-rejonu-wilenskiego-w-szachach-i-warcabach\\\/#primaryimage\"},\"thumbnailUrl\":\"https:\\\/\\\/vrsc.lt\\\/wp-content\\\/uploads\\\/2023\\\/12\\\/FB_IMG_1702392527715.jpg\",\"datePublished\":\"2023-12-13T11:37:13+00:00\",\"dateModified\":\"2023-12-13T11:38:14+00:00\",\"author\":{\"@id\":\"https:\\\/\\\/vrsc.lt\\\/pl\\\/#\\\/schema\\\/person\\\/b0d7d262a1754f4ae86d40b81c6396ae\"},\"breadcrumb\":{\"@id\":\"https:\\\/\\\/vrsc.lt\\\/pl\\\/2023\\\/12\\\/odbyly-sie-mistrzostwa-rejonu-wilenskiego-w-szachach-i-warcabach\\\/#breadcrumb\"},\"inLanguage\":\"pl-PL\",\"potentialAction\":[{\"@type\":\"ReadAction\",\"target\":[\"https:\\\/\\\/vrsc.lt\\\/pl\\\/2023\\\/12\\\/odbyly-sie-mistrzostwa-rejonu-wilenskiego-w-szachach-i-warcabach\\\/\"]}]},{\"@type\":\"ImageObject\",\"inLanguage\":\"pl-PL\",\"@id\":\"https:\\\/\\\/vrsc.lt\\\/pl\\\/2023\\\/12\\\/odbyly-sie-mistrzostwa-rejonu-wilenskiego-w-szachach-i-warcabach\\\/#primaryimage\",\"url\":\"https:\\\/\\\/vrsc.lt\\\/wp-content\\\/uploads\\\/2023\\\/12\\\/FB_IMG_1702392527715.jpg\",\"contentUrl\":\"https:\\\/\\\/vrsc.lt\\\/wp-content\\\/uploads\\\/2023\\\/12\\\/FB_IMG_1702392527715.jpg\",\"width\":1080,\"height\":810},{\"@type\":\"BreadcrumbList\",\"@id\":\"https:\\\/\\\/vrsc.lt\\\/pl\\\/2023\\\/12\\\/odbyly-sie-mistrzostwa-rejonu-wilenskiego-w-szachach-i-warcabach\\\/#breadcrumb\",\"itemListElement\":[{\"@type\":\"ListItem\",\"position\":1,\"name\":\"Strona g\u0142\u00f3wna\",\"item\":\"https:\\\/\\\/vrsc.lt\\\/pl\\\/\"},{\"@type\":\"ListItem\",\"position\":2,\"name\":\"Aktualno\u015bci\",\"item\":\"https:\\\/\\\/vrsc.lt\\\/pl\\\/aktualnosci-2\\\/\"},{\"@type\":\"ListItem\",\"position\":3,\"name\":\"Odby\u0142y si\u0119 Mistrzostwa Rejonu Wile\u0144skiego w szachach i warcabach\"}]},{\"@type\":\"WebSite\",\"@id\":\"https:\\\/\\\/vrsc.lt\\\/pl\\\/#website\",\"url\":\"https:\\\/\\\/vrsc.lt\\\/pl\\\/\",\"name\":\"VRSC\",\"description\":\"Vilniaus rajono sporto centras\",\"potentialAction\":[{\"@type\":\"SearchAction\",\"target\":{\"@type\":\"EntryPoint\",\"urlTemplate\":\"https:\\\/\\\/vrsc.lt\\\/pl\\\/?s={search_term_string}\"},\"query-input\":{\"@type\":\"PropertyValueSpecification\",\"valueRequired\":true,\"valueName\":\"search_term_string\"}}],\"inLanguage\":\"pl-PL\"},{\"@type\":\"Person\",\"@id\":\"https:\\\/\\\/vrsc.lt\\\/pl\\\/#\\\/schema\\\/person\\\/b0d7d262a1754f4ae86d40b81c6396ae\",\"name\":\"Darbuotojas\",\"image\":{\"@type\":\"ImageObject\",\"inLanguage\":\"pl-PL\",\"@id\":\"https:\\\/\\\/secure.gravatar.com\\\/avatar\\\/f251294b3aa485f74ceb19a4e7618f7d2c1b91167f04bd119d330241e26127dd?s=96&d=mm&r=g\",\"url\":\"https:\\\/\\\/secure.gravatar.com\\\/avatar\\\/f251294b3aa485f74ceb19a4e7618f7d2c1b91167f04bd119d330241e26127dd?s=96&d=mm&r=g\",\"contentUrl\":\"https:\\\/\\\/secure.gravatar.com\\\/avatar\\\/f251294b3aa485f74ceb19a4e7618f7d2c1b91167f04bd119d330241e26127dd?s=96&d=mm&r=g\",\"caption\":\"Darbuotojas\"},\"url\":\"https:\\\/\\\/vrsc.lt\\\/pl\\\/author\\\/98d05f45758f8903\\\/\"}]}<\/script>\n<!-- \/ Yoast SEO plugin. -->","yoast_head_json":{"title":"Odby\u0142y si\u0119 Mistrzostwa Rejonu Wile\u0144skiego w szachach i warcabach - VRSC","robots":{"index":"index","follow":"follow","max-snippet":"max-snippet:-1","max-image-preview":"max-image-preview:large","max-video-preview":"max-video-preview:-1"},"canonical":"https:\/\/vrsc.lt\/pl\/2023\/12\/odbyly-sie-mistrzostwa-rejonu-wilenskiego-w-szachach-i-warcabach\/","og_locale":"pl_PL","og_type":"article","og_title":"Odby\u0142y si\u0119 Mistrzostwa Rejonu Wile\u0144skiego w szachach i warcabach - VRSC","og_description":"Szachy i warcaby &#8211; jedne z najbardziej popularnych dyscyplin intelektualnych na \u015bwiecie. W dniu 9 grudnia w Centrum Kultury w Niemenczynie odby\u0142y si\u0119 Mistrzostwa Rejonu Wile\u0144skiego w warcabach i szachach.O tytu\u0142 zwyci\u0119zcy rywalizowa\u0142o a\u017c 22 uczestnik\u00f3w z rejonu wile\u0144skiego. W zawodach warcab\u00f3w wzi\u0119\u0142o udzia\u0142 8 uczestnik\u00f3w. W\u015br\u00f3d m\u0119\u017cczyzn 1. miejsce zaj\u0105\u0142 Valentinas Karalius, drugie miejsce [&hellip;]","og_url":"https:\/\/vrsc.lt\/pl\/2023\/12\/odbyly-sie-mistrzostwa-rejonu-wilenskiego-w-szachach-i-warcabach\/","og_site_name":"VRSC","article_published_time":"2023-12-13T11:37:13+00:00","article_modified_time":"2023-12-13T11:38:14+00:00","og_image":[{"width":1080,"height":810,"url":"https:\/\/vrsc.lt\/wp-content\/uploads\/2023\/12\/FB_IMG_1702392527715.jpg","type":"image\/jpeg"}],"author":"Darbuotojas","twitter_card":"summary_large_image","twitter_misc":{"Napisane przez":"Darbuotojas","Szacowany czas czytania":"1 minuta"},"schema":{"@context":"https:\/\/schema.org","@graph":[{"@type":"Article","@id":"https:\/\/vrsc.lt\/pl\/2023\/12\/odbyly-sie-mistrzostwa-rejonu-wilenskiego-w-szachach-i-warcabach\/#article","isPartOf":{"@id":"https:\/\/vrsc.lt\/pl\/2023\/12\/odbyly-sie-mistrzostwa-rejonu-wilenskiego-w-szachach-i-warcabach\/"},"author":{"name":"Darbuotojas","@id":"https:\/\/vrsc.lt\/pl\/#\/schema\/person\/b0d7d262a1754f4ae86d40b81c6396ae"},"headline":"Odby\u0142y si\u0119 Mistrzostwa Rejonu Wile\u0144skiego w szachach i warcabach","datePublished":"2023-12-13T11:37:13+00:00","dateModified":"2023-12-13T11:38:14+00:00","mainEntityOfPage":{"@id":"https:\/\/vrsc.lt\/pl\/2023\/12\/odbyly-sie-mistrzostwa-rejonu-wilenskiego-w-szachach-i-warcabach\/"},"wordCount":139,"image":{"@id":"https:\/\/vrsc.lt\/pl\/2023\/12\/odbyly-sie-mistrzostwa-rejonu-wilenskiego-w-szachach-i-warcabach\/#primaryimage"},"thumbnailUrl":"https:\/\/vrsc.lt\/wp-content\/uploads\/2023\/12\/FB_IMG_1702392527715.jpg","inLanguage":"pl-PL"},{"@type":"WebPage","@id":"https:\/\/vrsc.lt\/pl\/2023\/12\/odbyly-sie-mistrzostwa-rejonu-wilenskiego-w-szachach-i-warcabach\/","url":"https:\/\/vrsc.lt\/pl\/2023\/12\/odbyly-sie-mistrzostwa-rejonu-wilenskiego-w-szachach-i-warcabach\/","name":"Odby\u0142y si\u0119 Mistrzostwa Rejonu Wile\u0144skiego w szachach i warcabach - VRSC","isPartOf":{"@id":"https:\/\/vrsc.lt\/pl\/#website"},"primaryImageOfPage":{"@id":"https:\/\/vrsc.lt\/pl\/2023\/12\/odbyly-sie-mistrzostwa-rejonu-wilenskiego-w-szachach-i-warcabach\/#primaryimage"},"image":{"@id":"https:\/\/vrsc.lt\/pl\/2023\/12\/odbyly-sie-mistrzostwa-rejonu-wilenskiego-w-szachach-i-warcabach\/#primaryimage"},"thumbnailUrl":"https:\/\/vrsc.lt\/wp-content\/uploads\/2023\/12\/FB_IMG_1702392527715.jpg","datePublished":"2023-12-13T11:37:13+00:00","dateModified":"2023-12-13T11:38:14+00:00","author":{"@id":"https:\/\/vrsc.lt\/pl\/#\/schema\/person\/b0d7d262a1754f4ae86d40b81c6396ae"},"breadcrumb":{"@id":"https:\/\/vrsc.lt\/pl\/2023\/12\/odbyly-sie-mistrzostwa-rejonu-wilenskiego-w-szachach-i-warcabach\/#breadcrumb"},"inLanguage":"pl-PL","potentialAction":[{"@type":"ReadAction","target":["https:\/\/vrsc.lt\/pl\/2023\/12\/odbyly-sie-mistrzostwa-rejonu-wilenskiego-w-szachach-i-warcabach\/"]}]},{"@type":"ImageObject","inLanguage":"pl-PL","@id":"https:\/\/vrsc.lt\/pl\/2023\/12\/odbyly-sie-mistrzostwa-rejonu-wilenskiego-w-szachach-i-warcabach\/#primaryimage","url":"https:\/\/vrsc.lt\/wp-content\/uploads\/2023\/12\/FB_IMG_1702392527715.jpg","contentUrl":"https:\/\/vrsc.lt\/wp-content\/uploads\/2023\/12\/FB_IMG_1702392527715.jpg","width":1080,"height":810},{"@type":"BreadcrumbList","@id":"https:\/\/vrsc.lt\/pl\/2023\/12\/odbyly-sie-mistrzostwa-rejonu-wilenskiego-w-szachach-i-warcabach\/#breadcrumb","itemListElement":[{"@type":"ListItem","position":1,"name":"Strona g\u0142\u00f3wna","item":"https:\/\/vrsc.lt\/pl\/"},{"@type":"ListItem","position":2,"name":"Aktualno\u015bci","item":"https:\/\/vrsc.lt\/pl\/aktualnosci-2\/"},{"@type":"ListItem","position":3,"name":"Odby\u0142y si\u0119 Mistrzostwa Rejonu Wile\u0144skiego w szachach i warcabach"}]},{"@type":"WebSite","@id":"https:\/\/vrsc.lt\/pl\/#website","url":"https:\/\/vrsc.lt\/pl\/","name":"VRSC","description":"Vilniaus rajono sporto centras","potentialAction":[{"@type":"SearchAction","target":{"@type":"EntryPoint","urlTemplate":"https:\/\/vrsc.lt\/pl\/?s={search_term_string}"},"query-input":{"@type":"PropertyValueSpecification","valueRequired":true,"valueName":"search_term_string"}}],"inLanguage":"pl-PL"},{"@type":"Person","@id":"https:\/\/vrsc.lt\/pl\/#\/schema\/person\/b0d7d262a1754f4ae86d40b81c6396ae","name":"Darbuotojas","image":{"@type":"ImageObject","inLanguage":"pl-PL","@id":"https:\/\/secure.gravatar.com\/avatar\/f251294b3aa485f74ceb19a4e7618f7d2c1b91167f04bd119d330241e26127dd?s=96&d=mm&r=g","url":"https:\/\/secure.gravatar.com\/avatar\/f251294b3aa485f74ceb19a4e7618f7d2c1b91167f04bd119d330241e26127dd?s=96&d=mm&r=g","contentUrl":"https:\/\/secure.gravatar.com\/avatar\/f251294b3aa485f74ceb19a4e7618f7d2c1b91167f04bd119d330241e26127dd?s=96&d=mm&r=g","caption":"Darbuotojas"},"url":"https:\/\/vrsc.lt\/pl\/author\/98d05f45758f8903\/"}]}},"_links":{"self":[{"href":"https:\/\/vrsc.lt\/pl\/wp-json\/wp\/v2\/posts\/4936","targetHints":{"allow":["GET"]}}],"collection":[{"href":"https:\/\/vrsc.lt\/pl\/wp-json\/wp\/v2\/posts"}],"about":[{"href":"https:\/\/vrsc.lt\/pl\/wp-json\/wp\/v2\/types\/post"}],"author":[{"embeddable":true,"href":"https:\/\/vrsc.lt\/pl\/wp-json\/wp\/v2\/users\/5"}],"replies":[{"embeddable":true,"href":"https:\/\/vrsc.lt\/pl\/wp-json\/wp\/v2\/comments?post=4936"}],"version-history":[{"count":1,"href":"https:\/\/vrsc.lt\/pl\/wp-json\/wp\/v2\/posts\/4936\/revisions"}],"predecessor-version":[{"id":4937,"href":"https:\/\/vrsc.lt\/pl\/wp-json\/wp\/v2\/posts\/4936\/revisions\/4937"}],"wp:featuredmedia":[{"embeddable":true,"href":"https:\/\/vrsc.lt\/pl\/wp-json\/wp\/v2\/media\/4930"}],"wp:attachment":[{"href":"https:\/\/vrsc.lt\/pl\/wp-json\/wp\/v2\/media?parent=4936"}],"wp:term":[{"taxonomy":"category","embeddable":true,"href":"https:\/\/vrsc.lt\/pl\/wp-json\/wp\/v2\/categories?post=4936"},{"taxonomy":"post_tag","embeddable":true,"href":"https:\/\/vrsc.lt\/pl\/wp-json\/wp\/v2\/tags?post=4936"}],"curies":[{"name":"wp","href":"https:\/\/api.w.org\/{rel}","templated":true}]}}