{"id":4580,"date":"2023-10-25T17:57:37","date_gmt":"2023-10-25T17:57:37","guid":{"rendered":"https:\/\/vrsc.lt\/?p=4580"},"modified":"2023-11-05T22:14:32","modified_gmt":"2023-11-05T22:14:32","slug":"swieto-boksu-w-wielkich-kabiszkach","status":"publish","type":"post","link":"https:\/\/vrsc.lt\/pl\/2023\/10\/swieto-boksu-w-wielkich-kabiszkach\/","title":{"rendered":"\u015awi\u0119to boksu w Wielkich Kabiszkach"},"content":{"rendered":"<p style=\"padding-left: 40px; text-align: center;\">21 pa\u017adziernika w Wielkich Kabiszkach odby\u0142y si\u0119 zawody w boksie, organizowane przez Centrum Sportu Rejonu Wile\u0144skiego przy wsparciu przez Fili\u0119 w Wielkich Kabiszkach Wielofunkcyjnego O\u015brodku Kultury w Niemenczynie oraz Federacj\u0119 Boksu Litwy. G\u0142\u00f3wny organizator Jurij Kuszlewicz zaznaczy\u0142, \u017ce 35 lat w rejonie nie by\u0142o zawod\u00f3w w boksie i wyrazi\u0142 nadziej\u0119, \u017ce tymi zawodami rozpocznie si\u0119 nowa era boksu w rejonie. Go\u015bcie zawod\u00f3w staro\u015bcina Gminy Niemenczyn Valerija Stakauskait\u0117, radny Rejonu Wile\u0144skiego Zygmund \u017bdanowicz, dyrektor Szko\u0142y Sportowej Rejonu Wile\u0144skiego w Niemenczynie Robert Komarowski, dyrektor Centrum Sportu Rejonu Wile\u0144skiego Marian Kaczanowski cieszyli si\u0119 z tak licznie zebranych zawodnik\u00f3w i kibic\u00f3w, \u017cyczyli sukces\u00f3w i wygranych na zasadach \u201eFair play\u201d i dobrych emocji z tych zawod\u00f3w.<\/p>\n<p style=\"padding-left: 40px;\">Do walki o Puchar Rejonu Wile\u0144skiego stan\u0119\u0142a 31 para w poszczeg\u00f3lnych kategoriach wiekowych w\u015br\u00f3d dziewcz\u0105t i ch\u0142opc\u00f3w z Solecznik, Wilna i rejonu wile\u0144skiego. Gospodarze zawod\u00f3w z sekcji bokserskiej w Wielkich Kabiszkach wystawili 10 bokser\u00f3w, z kt\u00f3rych 7 zwyci\u0119sko zako\u0144czy\u0142o walki na ringu. Podczas zawod\u00f3w tak\u017ce odby\u0142 si\u0119 konkurs wiedzy o boksie z nagrodami rzeczowymi dla zwyci\u0119zc\u00f3w. O p\u0142ynny przebieg zawod\u00f3w zatroszczyli si\u0119 s\u0119dziowie mi\u0119dzynarodowej klasy od Litewskiej Federacji Boksu.<\/p>\n<p style=\"padding-left: 40px;\">Po zako\u0144czeniu ka\u017cdej walki na ringu bokserzy zostali nagrodzeni medalami i dyplomami. Najbardziej technicznym bokserem turnieju zosta\u0142 uznany wychowanek Jurija Kuszlewicza, trenera Centrum Sportu Rejonu Wile\u0144skiego Rados\u0142aw Pi\u0142at, a statuetk\u0105 boksera \u201eZa determinacj\u0119 do zwyci\u0119stwa\u201c zosta\u0142 nagrodzony Jonas Tamulevi\u010dius, wychowanek Orestasa Penikasa, trenera Centrum Sportu miasta Wilno. Wszyscy trenerzy zostali nagrodzeni okoliczno\u015bciowymi medalami za przyszykowanie zawodnik\u00f3w. Nagrody zosta\u0142y sfinansowane przez Centrum Sportu Rejonu Wile\u0144skiego.<\/p>\n<p style=\"padding-left: 40px;\">Marian Kaczanowski<\/p>\n<p style=\"padding-left: 40px;\">Dyrektor Centrum Sportu Rejonu Wile\u0144skiego<\/p>\n<p>&nbsp;<\/p>\n<p style=\"padding-left: 40px;\">\u00a0<\/p>\n<p style=\"padding-left: 40px;\">\u00a0<\/p>\n","protected":false},"excerpt":{"rendered":"<p>21 pa\u017adziernika w Wielkich Kabiszkach odby\u0142y si\u0119 zawody w boksie, organizowane przez Centrum Sportu Rejonu Wile\u0144skiego przy wsparciu przez Fili\u0119 w Wielkich Kabiszkach Wielofunkcyjnego O\u015brodku Kultury w Niemenczynie oraz Federacj\u0119 Boksu Litwy. G\u0142\u00f3wny organizator Jurij Kuszlewicz zaznaczy\u0142, \u017ce 35 lat w rejonie nie by\u0142o zawod\u00f3w w boksie i wyrazi\u0142 nadziej\u0119, \u017ce tymi zawodami rozpocznie si\u0119 [&hellip;]<\/p>\n","protected":false},"author":5,"featured_media":4576,"comment_status":"closed","ping_status":"closed","sticky":false,"template":"","format":"standard","meta":{"_acf_changed":false,"footnotes":""},"categories":[32],"tags":[],"class_list":["post-4580","post","type-post","status-publish","format-standard","has-post-thumbnail","hentry","category-aktualnosci"],"acf":[],"yoast_head":"<!-- This site is optimized with the Yoast SEO plugin v27.5 - https:\/\/yoast.com\/product\/yoast-seo-wordpress\/ -->\n<title>\u015awi\u0119to boksu w Wielkich Kabiszkach - VRSC<\/title>\n<meta name=\"robots\" content=\"index, follow, max-snippet:-1, max-image-preview:large, max-video-preview:-1\" \/>\n<link rel=\"canonical\" href=\"https:\/\/vrsc.lt\/pl\/2023\/10\/swieto-boksu-w-wielkich-kabiszkach\/\" \/>\n<meta property=\"og:locale\" content=\"pl_PL\" \/>\n<meta property=\"og:type\" content=\"article\" \/>\n<meta property=\"og:title\" content=\"\u015awi\u0119to boksu w Wielkich Kabiszkach - VRSC\" \/>\n<meta property=\"og:description\" content=\"21 pa\u017adziernika w Wielkich Kabiszkach odby\u0142y si\u0119 zawody w boksie, organizowane przez Centrum Sportu Rejonu Wile\u0144skiego przy wsparciu przez Fili\u0119 w Wielkich Kabiszkach Wielofunkcyjnego O\u015brodku Kultury w Niemenczynie oraz Federacj\u0119 Boksu Litwy. G\u0142\u00f3wny organizator Jurij Kuszlewicz zaznaczy\u0142, \u017ce 35 lat w rejonie nie by\u0142o zawod\u00f3w w boksie i wyrazi\u0142 nadziej\u0119, \u017ce tymi zawodami rozpocznie si\u0119 [&hellip;]\" \/>\n<meta property=\"og:url\" content=\"https:\/\/vrsc.lt\/pl\/2023\/10\/swieto-boksu-w-wielkich-kabiszkach\/\" \/>\n<meta property=\"og:site_name\" content=\"VRSC\" \/>\n<meta property=\"article:published_time\" content=\"2023-10-25T17:57:37+00:00\" \/>\n<meta property=\"article:modified_time\" content=\"2023-11-05T22:14:32+00:00\" \/>\n<meta property=\"og:image\" content=\"https:\/\/vrsc.lt\/wp-content\/uploads\/2023\/10\/FB_IMG_1698168184635.jpg\" \/>\n\t<meta property=\"og:image:width\" content=\"1080\" \/>\n\t<meta property=\"og:image:height\" content=\"810\" \/>\n\t<meta property=\"og:image:type\" content=\"image\/jpeg\" \/>\n<meta name=\"author\" content=\"Darbuotojas\" \/>\n<meta name=\"twitter:card\" content=\"summary_large_image\" \/>\n<meta name=\"twitter:label1\" content=\"Napisane przez\" \/>\n\t<meta name=\"twitter:data1\" content=\"Darbuotojas\" \/>\n\t<meta name=\"twitter:label2\" content=\"Szacowany czas czytania\" \/>\n\t<meta name=\"twitter:data2\" content=\"2 minuty\" \/>\n<script type=\"application\/ld+json\" class=\"yoast-schema-graph\">{\"@context\":\"https:\\\/\\\/schema.org\",\"@graph\":[{\"@type\":\"Article\",\"@id\":\"https:\\\/\\\/vrsc.lt\\\/pl\\\/2023\\\/10\\\/swieto-boksu-w-wielkich-kabiszkach\\\/#article\",\"isPartOf\":{\"@id\":\"https:\\\/\\\/vrsc.lt\\\/pl\\\/2023\\\/10\\\/swieto-boksu-w-wielkich-kabiszkach\\\/\"},\"author\":{\"name\":\"Darbuotojas\",\"@id\":\"https:\\\/\\\/vrsc.lt\\\/pl\\\/#\\\/schema\\\/person\\\/b0d7d262a1754f4ae86d40b81c6396ae\"},\"headline\":\"\u015awi\u0119to boksu w Wielkich Kabiszkach\",\"datePublished\":\"2023-10-25T17:57:37+00:00\",\"dateModified\":\"2023-11-05T22:14:32+00:00\",\"mainEntityOfPage\":{\"@id\":\"https:\\\/\\\/vrsc.lt\\\/pl\\\/2023\\\/10\\\/swieto-boksu-w-wielkich-kabiszkach\\\/\"},\"wordCount\":306,\"image\":{\"@id\":\"https:\\\/\\\/vrsc.lt\\\/pl\\\/2023\\\/10\\\/swieto-boksu-w-wielkich-kabiszkach\\\/#primaryimage\"},\"thumbnailUrl\":\"https:\\\/\\\/vrsc.lt\\\/wp-content\\\/uploads\\\/2023\\\/10\\\/FB_IMG_1698168184635.jpg\",\"articleSection\":[\"Aktualno\u015bci\"],\"inLanguage\":\"pl-PL\"},{\"@type\":\"WebPage\",\"@id\":\"https:\\\/\\\/vrsc.lt\\\/pl\\\/2023\\\/10\\\/swieto-boksu-w-wielkich-kabiszkach\\\/\",\"url\":\"https:\\\/\\\/vrsc.lt\\\/pl\\\/2023\\\/10\\\/swieto-boksu-w-wielkich-kabiszkach\\\/\",\"name\":\"\u015awi\u0119to boksu w Wielkich Kabiszkach - VRSC\",\"isPartOf\":{\"@id\":\"https:\\\/\\\/vrsc.lt\\\/pl\\\/#website\"},\"primaryImageOfPage\":{\"@id\":\"https:\\\/\\\/vrsc.lt\\\/pl\\\/2023\\\/10\\\/swieto-boksu-w-wielkich-kabiszkach\\\/#primaryimage\"},\"image\":{\"@id\":\"https:\\\/\\\/vrsc.lt\\\/pl\\\/2023\\\/10\\\/swieto-boksu-w-wielkich-kabiszkach\\\/#primaryimage\"},\"thumbnailUrl\":\"https:\\\/\\\/vrsc.lt\\\/wp-content\\\/uploads\\\/2023\\\/10\\\/FB_IMG_1698168184635.jpg\",\"datePublished\":\"2023-10-25T17:57:37+00:00\",\"dateModified\":\"2023-11-05T22:14:32+00:00\",\"author\":{\"@id\":\"https:\\\/\\\/vrsc.lt\\\/pl\\\/#\\\/schema\\\/person\\\/b0d7d262a1754f4ae86d40b81c6396ae\"},\"breadcrumb\":{\"@id\":\"https:\\\/\\\/vrsc.lt\\\/pl\\\/2023\\\/10\\\/swieto-boksu-w-wielkich-kabiszkach\\\/#breadcrumb\"},\"inLanguage\":\"pl-PL\",\"potentialAction\":[{\"@type\":\"ReadAction\",\"target\":[\"https:\\\/\\\/vrsc.lt\\\/pl\\\/2023\\\/10\\\/swieto-boksu-w-wielkich-kabiszkach\\\/\"]}]},{\"@type\":\"ImageObject\",\"inLanguage\":\"pl-PL\",\"@id\":\"https:\\\/\\\/vrsc.lt\\\/pl\\\/2023\\\/10\\\/swieto-boksu-w-wielkich-kabiszkach\\\/#primaryimage\",\"url\":\"https:\\\/\\\/vrsc.lt\\\/wp-content\\\/uploads\\\/2023\\\/10\\\/FB_IMG_1698168184635.jpg\",\"contentUrl\":\"https:\\\/\\\/vrsc.lt\\\/wp-content\\\/uploads\\\/2023\\\/10\\\/FB_IMG_1698168184635.jpg\",\"width\":1080,\"height\":810},{\"@type\":\"BreadcrumbList\",\"@id\":\"https:\\\/\\\/vrsc.lt\\\/pl\\\/2023\\\/10\\\/swieto-boksu-w-wielkich-kabiszkach\\\/#breadcrumb\",\"itemListElement\":[{\"@type\":\"ListItem\",\"position\":1,\"name\":\"Strona g\u0142\u00f3wna\",\"item\":\"https:\\\/\\\/vrsc.lt\\\/pl\\\/\"},{\"@type\":\"ListItem\",\"position\":2,\"name\":\"Aktualno\u015bci\",\"item\":\"https:\\\/\\\/vrsc.lt\\\/pl\\\/aktualnosci-2\\\/\"},{\"@type\":\"ListItem\",\"position\":3,\"name\":\"\u015awi\u0119to boksu w Wielkich Kabiszkach\"}]},{\"@type\":\"WebSite\",\"@id\":\"https:\\\/\\\/vrsc.lt\\\/pl\\\/#website\",\"url\":\"https:\\\/\\\/vrsc.lt\\\/pl\\\/\",\"name\":\"VRSC\",\"description\":\"Vilniaus rajono sporto centras\",\"potentialAction\":[{\"@type\":\"SearchAction\",\"target\":{\"@type\":\"EntryPoint\",\"urlTemplate\":\"https:\\\/\\\/vrsc.lt\\\/pl\\\/?s={search_term_string}\"},\"query-input\":{\"@type\":\"PropertyValueSpecification\",\"valueRequired\":true,\"valueName\":\"search_term_string\"}}],\"inLanguage\":\"pl-PL\"},{\"@type\":\"Person\",\"@id\":\"https:\\\/\\\/vrsc.lt\\\/pl\\\/#\\\/schema\\\/person\\\/b0d7d262a1754f4ae86d40b81c6396ae\",\"name\":\"Darbuotojas\",\"image\":{\"@type\":\"ImageObject\",\"inLanguage\":\"pl-PL\",\"@id\":\"https:\\\/\\\/secure.gravatar.com\\\/avatar\\\/f251294b3aa485f74ceb19a4e7618f7d2c1b91167f04bd119d330241e26127dd?s=96&d=mm&r=g\",\"url\":\"https:\\\/\\\/secure.gravatar.com\\\/avatar\\\/f251294b3aa485f74ceb19a4e7618f7d2c1b91167f04bd119d330241e26127dd?s=96&d=mm&r=g\",\"contentUrl\":\"https:\\\/\\\/secure.gravatar.com\\\/avatar\\\/f251294b3aa485f74ceb19a4e7618f7d2c1b91167f04bd119d330241e26127dd?s=96&d=mm&r=g\",\"caption\":\"Darbuotojas\"},\"url\":\"https:\\\/\\\/vrsc.lt\\\/pl\\\/author\\\/98d05f45758f8903\\\/\"}]}<\/script>\n<!-- \/ Yoast SEO plugin. -->","yoast_head_json":{"title":"\u015awi\u0119to boksu w Wielkich Kabiszkach - VRSC","robots":{"index":"index","follow":"follow","max-snippet":"max-snippet:-1","max-image-preview":"max-image-preview:large","max-video-preview":"max-video-preview:-1"},"canonical":"https:\/\/vrsc.lt\/pl\/2023\/10\/swieto-boksu-w-wielkich-kabiszkach\/","og_locale":"pl_PL","og_type":"article","og_title":"\u015awi\u0119to boksu w Wielkich Kabiszkach - VRSC","og_description":"21 pa\u017adziernika w Wielkich Kabiszkach odby\u0142y si\u0119 zawody w boksie, organizowane przez Centrum Sportu Rejonu Wile\u0144skiego przy wsparciu przez Fili\u0119 w Wielkich Kabiszkach Wielofunkcyjnego O\u015brodku Kultury w Niemenczynie oraz Federacj\u0119 Boksu Litwy. G\u0142\u00f3wny organizator Jurij Kuszlewicz zaznaczy\u0142, \u017ce 35 lat w rejonie nie by\u0142o zawod\u00f3w w boksie i wyrazi\u0142 nadziej\u0119, \u017ce tymi zawodami rozpocznie si\u0119 [&hellip;]","og_url":"https:\/\/vrsc.lt\/pl\/2023\/10\/swieto-boksu-w-wielkich-kabiszkach\/","og_site_name":"VRSC","article_published_time":"2023-10-25T17:57:37+00:00","article_modified_time":"2023-11-05T22:14:32+00:00","og_image":[{"width":1080,"height":810,"url":"https:\/\/vrsc.lt\/wp-content\/uploads\/2023\/10\/FB_IMG_1698168184635.jpg","type":"image\/jpeg"}],"author":"Darbuotojas","twitter_card":"summary_large_image","twitter_misc":{"Napisane przez":"Darbuotojas","Szacowany czas czytania":"2 minuty"},"schema":{"@context":"https:\/\/schema.org","@graph":[{"@type":"Article","@id":"https:\/\/vrsc.lt\/pl\/2023\/10\/swieto-boksu-w-wielkich-kabiszkach\/#article","isPartOf":{"@id":"https:\/\/vrsc.lt\/pl\/2023\/10\/swieto-boksu-w-wielkich-kabiszkach\/"},"author":{"name":"Darbuotojas","@id":"https:\/\/vrsc.lt\/pl\/#\/schema\/person\/b0d7d262a1754f4ae86d40b81c6396ae"},"headline":"\u015awi\u0119to boksu w Wielkich Kabiszkach","datePublished":"2023-10-25T17:57:37+00:00","dateModified":"2023-11-05T22:14:32+00:00","mainEntityOfPage":{"@id":"https:\/\/vrsc.lt\/pl\/2023\/10\/swieto-boksu-w-wielkich-kabiszkach\/"},"wordCount":306,"image":{"@id":"https:\/\/vrsc.lt\/pl\/2023\/10\/swieto-boksu-w-wielkich-kabiszkach\/#primaryimage"},"thumbnailUrl":"https:\/\/vrsc.lt\/wp-content\/uploads\/2023\/10\/FB_IMG_1698168184635.jpg","articleSection":["Aktualno\u015bci"],"inLanguage":"pl-PL"},{"@type":"WebPage","@id":"https:\/\/vrsc.lt\/pl\/2023\/10\/swieto-boksu-w-wielkich-kabiszkach\/","url":"https:\/\/vrsc.lt\/pl\/2023\/10\/swieto-boksu-w-wielkich-kabiszkach\/","name":"\u015awi\u0119to boksu w Wielkich Kabiszkach - VRSC","isPartOf":{"@id":"https:\/\/vrsc.lt\/pl\/#website"},"primaryImageOfPage":{"@id":"https:\/\/vrsc.lt\/pl\/2023\/10\/swieto-boksu-w-wielkich-kabiszkach\/#primaryimage"},"image":{"@id":"https:\/\/vrsc.lt\/pl\/2023\/10\/swieto-boksu-w-wielkich-kabiszkach\/#primaryimage"},"thumbnailUrl":"https:\/\/vrsc.lt\/wp-content\/uploads\/2023\/10\/FB_IMG_1698168184635.jpg","datePublished":"2023-10-25T17:57:37+00:00","dateModified":"2023-11-05T22:14:32+00:00","author":{"@id":"https:\/\/vrsc.lt\/pl\/#\/schema\/person\/b0d7d262a1754f4ae86d40b81c6396ae"},"breadcrumb":{"@id":"https:\/\/vrsc.lt\/pl\/2023\/10\/swieto-boksu-w-wielkich-kabiszkach\/#breadcrumb"},"inLanguage":"pl-PL","potentialAction":[{"@type":"ReadAction","target":["https:\/\/vrsc.lt\/pl\/2023\/10\/swieto-boksu-w-wielkich-kabiszkach\/"]}]},{"@type":"ImageObject","inLanguage":"pl-PL","@id":"https:\/\/vrsc.lt\/pl\/2023\/10\/swieto-boksu-w-wielkich-kabiszkach\/#primaryimage","url":"https:\/\/vrsc.lt\/wp-content\/uploads\/2023\/10\/FB_IMG_1698168184635.jpg","contentUrl":"https:\/\/vrsc.lt\/wp-content\/uploads\/2023\/10\/FB_IMG_1698168184635.jpg","width":1080,"height":810},{"@type":"BreadcrumbList","@id":"https:\/\/vrsc.lt\/pl\/2023\/10\/swieto-boksu-w-wielkich-kabiszkach\/#breadcrumb","itemListElement":[{"@type":"ListItem","position":1,"name":"Strona g\u0142\u00f3wna","item":"https:\/\/vrsc.lt\/pl\/"},{"@type":"ListItem","position":2,"name":"Aktualno\u015bci","item":"https:\/\/vrsc.lt\/pl\/aktualnosci-2\/"},{"@type":"ListItem","position":3,"name":"\u015awi\u0119to boksu w Wielkich Kabiszkach"}]},{"@type":"WebSite","@id":"https:\/\/vrsc.lt\/pl\/#website","url":"https:\/\/vrsc.lt\/pl\/","name":"VRSC","description":"Vilniaus rajono sporto centras","potentialAction":[{"@type":"SearchAction","target":{"@type":"EntryPoint","urlTemplate":"https:\/\/vrsc.lt\/pl\/?s={search_term_string}"},"query-input":{"@type":"PropertyValueSpecification","valueRequired":true,"valueName":"search_term_string"}}],"inLanguage":"pl-PL"},{"@type":"Person","@id":"https:\/\/vrsc.lt\/pl\/#\/schema\/person\/b0d7d262a1754f4ae86d40b81c6396ae","name":"Darbuotojas","image":{"@type":"ImageObject","inLanguage":"pl-PL","@id":"https:\/\/secure.gravatar.com\/avatar\/f251294b3aa485f74ceb19a4e7618f7d2c1b91167f04bd119d330241e26127dd?s=96&d=mm&r=g","url":"https:\/\/secure.gravatar.com\/avatar\/f251294b3aa485f74ceb19a4e7618f7d2c1b91167f04bd119d330241e26127dd?s=96&d=mm&r=g","contentUrl":"https:\/\/secure.gravatar.com\/avatar\/f251294b3aa485f74ceb19a4e7618f7d2c1b91167f04bd119d330241e26127dd?s=96&d=mm&r=g","caption":"Darbuotojas"},"url":"https:\/\/vrsc.lt\/pl\/author\/98d05f45758f8903\/"}]}},"_links":{"self":[{"href":"https:\/\/vrsc.lt\/pl\/wp-json\/wp\/v2\/posts\/4580","targetHints":{"allow":["GET"]}}],"collection":[{"href":"https:\/\/vrsc.lt\/pl\/wp-json\/wp\/v2\/posts"}],"about":[{"href":"https:\/\/vrsc.lt\/pl\/wp-json\/wp\/v2\/types\/post"}],"author":[{"embeddable":true,"href":"https:\/\/vrsc.lt\/pl\/wp-json\/wp\/v2\/users\/5"}],"replies":[{"embeddable":true,"href":"https:\/\/vrsc.lt\/pl\/wp-json\/wp\/v2\/comments?post=4580"}],"version-history":[{"count":1,"href":"https:\/\/vrsc.lt\/pl\/wp-json\/wp\/v2\/posts\/4580\/revisions"}],"predecessor-version":[{"id":4581,"href":"https:\/\/vrsc.lt\/pl\/wp-json\/wp\/v2\/posts\/4580\/revisions\/4581"}],"wp:featuredmedia":[{"embeddable":true,"href":"https:\/\/vrsc.lt\/pl\/wp-json\/wp\/v2\/media\/4576"}],"wp:attachment":[{"href":"https:\/\/vrsc.lt\/pl\/wp-json\/wp\/v2\/media?parent=4580"}],"wp:term":[{"taxonomy":"category","embeddable":true,"href":"https:\/\/vrsc.lt\/pl\/wp-json\/wp\/v2\/categories?post=4580"},{"taxonomy":"post_tag","embeddable":true,"href":"https:\/\/vrsc.lt\/pl\/wp-json\/wp\/v2\/tags?post=4580"}],"curies":[{"name":"wp","href":"https:\/\/api.w.org\/{rel}","templated":true}]}}