{"id":2564,"date":"2023-02-28T22:57:30","date_gmt":"2023-02-28T22:57:30","guid":{"rendered":"https:\/\/vrsc.lt\/2023\/02\/ibu-taure-sprintas-2023-02-25-26-kanada\/"},"modified":"2023-02-28T22:59:57","modified_gmt":"2023-02-28T22:59:57","slug":"ibu-taure-sprintas-2023-02-25-26-kanada","status":"publish","type":"post","link":"https:\/\/vrsc.lt\/pl\/2023\/02\/ibu-taure-sprintas-2023-02-25-26-kanada\/","title":{"rendered":"Puchar IBU w Kanadzie. Sprint. 2023-02&#8211;25-26"},"content":{"rendered":"<p>30 miejsce Nikity Romanowa na pucharze IBU w Kanadzie<\/p>\n<p>W dniach 25 lutego \u2013 4 marca w kanadyjskim Canmore odbywa si\u0119 8 edycja Pucharu IBU, w kt\u00f3rym startuje biatlonista Centrum Sportu Rejonu Wile\u0144skiego Nikita Romanow.<\/p>\n<p>Planowany start sprintu 24 lutego z powodu 29-stopniowego mrozu zosta\u0142 prze\u0142o\u017cony o dzie\u0144. 25 lutego Nikita startowa\u0142 w sprincie na 10 km ze strzelaniem le\u017c\u0105c + stoj\u0105c, gdzie za ka\u017cdy niecelny strza\u0142 biatloni\u015bci mieli do pokonania karn\u0105 rund\u0119 150 m d\u0142ugo\u015bci. Nikita szybko pokona\u0142 pierwsze 3,3 km, na strzelaniu le\u017c\u0105c pomyli\u0142 si\u0119 raz i na kolejne 3,3 km wy\u015blizgn\u0105\u0142 na 31 pozycji, trac\u0105c do lidera 1 min. 06,4 sek. Na strzelaniu stoj\u0105c tak\u017ce pomyli\u0142 si\u0119 raz i po pokonaniu dodatkowych 150 m dystansu zajmowa\u0142 30 miejsce ze strat\u0105 2 min. 42,2 sek. do lidera. Nikita Romanow mocno \u015blizgn\u0105\u0142 na podbiegach i na mecie zachowa\u0142 30 miejsce, pokonuj\u0105c 10 km za 29 min. 08,8 sek. Nikita za 30 miejsce otrzyma\u0142 11 punkt\u00f3w do generalnej klasyfikacji, kt\u00f3re s\u0105 przydzielane dla najlepszej 40-ki biatlonist\u00f3w w ka\u017cdym wy\u015bcigu i teraz Nikita zajmuje 73 miejsce z dorobkiem 38 punkt\u00f3w.<\/p>\n<p>\n26 lutego Nikita startowa\u0142 w kwalifikacji super sprintu na dystansie 4,5 km ze strzelaniem le\u017c\u0105c + stoj\u0105c i tylko 30 najlepszych biatlonist\u00f3w otrzymywa\u0142o prawo udzia\u0142u w finale super sprintu, gdzie biatloni\u015bci rywalizowali na dystancji 7,5 km ze strzelaniem dwa razy le\u017c\u0105c + dwa razy stoj\u0105c, gdzie za ka\u017cdy niecelny strza\u0142 mieli do pokonania karn\u0105 rund\u0119 75 m d\u0142ugo\u015bci. Nikita szybko \u015blizgn\u0105\u0142 na nartach, ale na strzelnicy pope\u0142ni\u0142 3 b\u0142\u0119dy i na mecie zaj\u0105\u0142 41 miejsce, pokonuj\u0105c dystans 4,5 km za 13 min. 27,7 sek.<br \/>\n28 lutego Nikita Romanow wystartuje w wy\u015bcigu ze startu wsp\u00f3lnego na dystansie 15 km.<br \/>\nPozdrawiamy Nikit\u0119 i \u017cyczymy sukcesu.<\/p>\n<p>Marian Kaczanowski<br \/>\nDyrektor Centrum Sportu Rejonu Wile\u0144skiego<\/p>\n","protected":false},"excerpt":{"rendered":"<p>30 miejsce Nikity Romanowa na pucharze IBU w Kanadzie W dniach 25 lutego \u2013 4 marca w kanadyjskim Canmore odbywa si\u0119 8 edycja Pucharu IBU, w kt\u00f3rym startuje biatlonista Centrum Sportu Rejonu Wile\u0144skiego Nikita Romanow. Planowany start sprintu 24 lutego z powodu 29-stopniowego mrozu zosta\u0142 prze\u0142o\u017cony o dzie\u0144. 25 lutego Nikita startowa\u0142 w sprincie na [&hellip;]<\/p>\n","protected":false},"author":1,"featured_media":2562,"comment_status":"closed","ping_status":"closed","sticky":false,"template":"","format":"standard","meta":{"_acf_changed":false,"footnotes":""},"categories":[32],"tags":[],"class_list":["post-2564","post","type-post","status-publish","format-standard","has-post-thumbnail","hentry","category-aktualnosci"],"acf":[],"yoast_head":"<!-- This site is optimized with the Yoast SEO plugin v27.5 - https:\/\/yoast.com\/product\/yoast-seo-wordpress\/ -->\n<title>Puchar IBU w Kanadzie. Sprint. 2023-02-25-26 - VRSC<\/title>\n<meta name=\"robots\" content=\"index, follow, max-snippet:-1, max-image-preview:large, max-video-preview:-1\" \/>\n<link rel=\"canonical\" href=\"https:\/\/vrsc.lt\/pl\/2023\/02\/ibu-taure-sprintas-2023-02-25-26-kanada\/\" \/>\n<meta property=\"og:locale\" content=\"pl_PL\" \/>\n<meta property=\"og:type\" content=\"article\" \/>\n<meta property=\"og:title\" content=\"Puchar IBU w Kanadzie. Sprint. 2023-02-25-26 - VRSC\" \/>\n<meta property=\"og:description\" content=\"30 miejsce Nikity Romanowa na pucharze IBU w Kanadzie W dniach 25 lutego \u2013 4 marca w kanadyjskim Canmore odbywa si\u0119 8 edycja Pucharu IBU, w kt\u00f3rym startuje biatlonista Centrum Sportu Rejonu Wile\u0144skiego Nikita Romanow. Planowany start sprintu 24 lutego z powodu 29-stopniowego mrozu zosta\u0142 prze\u0142o\u017cony o dzie\u0144. 25 lutego Nikita startowa\u0142 w sprincie na [&hellip;]\" \/>\n<meta property=\"og:url\" content=\"https:\/\/vrsc.lt\/pl\/2023\/02\/ibu-taure-sprintas-2023-02-25-26-kanada\/\" \/>\n<meta property=\"og:site_name\" content=\"VRSC\" \/>\n<meta property=\"article:published_time\" content=\"2023-02-28T22:57:30+00:00\" \/>\n<meta property=\"article:modified_time\" content=\"2023-02-28T22:59:57+00:00\" \/>\n<meta property=\"og:image\" content=\"https:\/\/vrsc.lt\/wp-content\/uploads\/2023\/02\/P1220624.jpg\" \/>\n\t<meta property=\"og:image:width\" content=\"1067\" \/>\n\t<meta property=\"og:image:height\" content=\"800\" \/>\n\t<meta property=\"og:image:type\" content=\"image\/jpeg\" \/>\n<meta name=\"author\" content=\"admin\" \/>\n<meta name=\"twitter:card\" content=\"summary_large_image\" \/>\n<meta name=\"twitter:label1\" content=\"Napisane przez\" \/>\n\t<meta name=\"twitter:data1\" content=\"admin\" \/>\n\t<meta name=\"twitter:label2\" content=\"Szacowany czas czytania\" \/>\n\t<meta name=\"twitter:data2\" content=\"2 minuty\" \/>\n<script type=\"application\/ld+json\" class=\"yoast-schema-graph\">{\"@context\":\"https:\\\/\\\/schema.org\",\"@graph\":[{\"@type\":\"Article\",\"@id\":\"https:\\\/\\\/vrsc.lt\\\/pl\\\/2023\\\/02\\\/ibu-taure-sprintas-2023-02-25-26-kanada\\\/#article\",\"isPartOf\":{\"@id\":\"https:\\\/\\\/vrsc.lt\\\/pl\\\/2023\\\/02\\\/ibu-taure-sprintas-2023-02-25-26-kanada\\\/\"},\"author\":{\"name\":\"admin\",\"@id\":\"https:\\\/\\\/vrsc.lt\\\/pl\\\/#\\\/schema\\\/person\\\/88191c5a8ae8874c635fcf826e951d2e\"},\"headline\":\"Puchar IBU w Kanadzie. Sprint. 2023-02&#8211;25-26\",\"datePublished\":\"2023-02-28T22:57:30+00:00\",\"dateModified\":\"2023-02-28T22:59:57+00:00\",\"mainEntityOfPage\":{\"@id\":\"https:\\\/\\\/vrsc.lt\\\/pl\\\/2023\\\/02\\\/ibu-taure-sprintas-2023-02-25-26-kanada\\\/\"},\"wordCount\":295,\"image\":{\"@id\":\"https:\\\/\\\/vrsc.lt\\\/pl\\\/2023\\\/02\\\/ibu-taure-sprintas-2023-02-25-26-kanada\\\/#primaryimage\"},\"thumbnailUrl\":\"https:\\\/\\\/vrsc.lt\\\/wp-content\\\/uploads\\\/2023\\\/02\\\/P1220624.jpg\",\"articleSection\":[\"Aktualno\u015bci\"],\"inLanguage\":\"pl-PL\"},{\"@type\":\"WebPage\",\"@id\":\"https:\\\/\\\/vrsc.lt\\\/pl\\\/2023\\\/02\\\/ibu-taure-sprintas-2023-02-25-26-kanada\\\/\",\"url\":\"https:\\\/\\\/vrsc.lt\\\/pl\\\/2023\\\/02\\\/ibu-taure-sprintas-2023-02-25-26-kanada\\\/\",\"name\":\"Puchar IBU w Kanadzie. Sprint. 2023-02-25-26 - VRSC\",\"isPartOf\":{\"@id\":\"https:\\\/\\\/vrsc.lt\\\/pl\\\/#website\"},\"primaryImageOfPage\":{\"@id\":\"https:\\\/\\\/vrsc.lt\\\/pl\\\/2023\\\/02\\\/ibu-taure-sprintas-2023-02-25-26-kanada\\\/#primaryimage\"},\"image\":{\"@id\":\"https:\\\/\\\/vrsc.lt\\\/pl\\\/2023\\\/02\\\/ibu-taure-sprintas-2023-02-25-26-kanada\\\/#primaryimage\"},\"thumbnailUrl\":\"https:\\\/\\\/vrsc.lt\\\/wp-content\\\/uploads\\\/2023\\\/02\\\/P1220624.jpg\",\"datePublished\":\"2023-02-28T22:57:30+00:00\",\"dateModified\":\"2023-02-28T22:59:57+00:00\",\"author\":{\"@id\":\"https:\\\/\\\/vrsc.lt\\\/pl\\\/#\\\/schema\\\/person\\\/88191c5a8ae8874c635fcf826e951d2e\"},\"breadcrumb\":{\"@id\":\"https:\\\/\\\/vrsc.lt\\\/pl\\\/2023\\\/02\\\/ibu-taure-sprintas-2023-02-25-26-kanada\\\/#breadcrumb\"},\"inLanguage\":\"pl-PL\",\"potentialAction\":[{\"@type\":\"ReadAction\",\"target\":[\"https:\\\/\\\/vrsc.lt\\\/pl\\\/2023\\\/02\\\/ibu-taure-sprintas-2023-02-25-26-kanada\\\/\"]}]},{\"@type\":\"ImageObject\",\"inLanguage\":\"pl-PL\",\"@id\":\"https:\\\/\\\/vrsc.lt\\\/pl\\\/2023\\\/02\\\/ibu-taure-sprintas-2023-02-25-26-kanada\\\/#primaryimage\",\"url\":\"https:\\\/\\\/vrsc.lt\\\/wp-content\\\/uploads\\\/2023\\\/02\\\/P1220624.jpg\",\"contentUrl\":\"https:\\\/\\\/vrsc.lt\\\/wp-content\\\/uploads\\\/2023\\\/02\\\/P1220624.jpg\",\"width\":1067,\"height\":800},{\"@type\":\"BreadcrumbList\",\"@id\":\"https:\\\/\\\/vrsc.lt\\\/pl\\\/2023\\\/02\\\/ibu-taure-sprintas-2023-02-25-26-kanada\\\/#breadcrumb\",\"itemListElement\":[{\"@type\":\"ListItem\",\"position\":1,\"name\":\"Strona g\u0142\u00f3wna\",\"item\":\"https:\\\/\\\/vrsc.lt\\\/pl\\\/\"},{\"@type\":\"ListItem\",\"position\":2,\"name\":\"Aktualno\u015bci\",\"item\":\"https:\\\/\\\/vrsc.lt\\\/pl\\\/aktualnosci-2\\\/\"},{\"@type\":\"ListItem\",\"position\":3,\"name\":\"Puchar IBU w Kanadzie. Sprint. 2023-02&#8211;25-26\"}]},{\"@type\":\"WebSite\",\"@id\":\"https:\\\/\\\/vrsc.lt\\\/pl\\\/#website\",\"url\":\"https:\\\/\\\/vrsc.lt\\\/pl\\\/\",\"name\":\"VRSC\",\"description\":\"Vilniaus rajono sporto centras\",\"potentialAction\":[{\"@type\":\"SearchAction\",\"target\":{\"@type\":\"EntryPoint\",\"urlTemplate\":\"https:\\\/\\\/vrsc.lt\\\/pl\\\/?s={search_term_string}\"},\"query-input\":{\"@type\":\"PropertyValueSpecification\",\"valueRequired\":true,\"valueName\":\"search_term_string\"}}],\"inLanguage\":\"pl-PL\"},{\"@type\":\"Person\",\"@id\":\"https:\\\/\\\/vrsc.lt\\\/pl\\\/#\\\/schema\\\/person\\\/88191c5a8ae8874c635fcf826e951d2e\",\"name\":\"admin\",\"image\":{\"@type\":\"ImageObject\",\"inLanguage\":\"pl-PL\",\"@id\":\"https:\\\/\\\/secure.gravatar.com\\\/avatar\\\/ae35fd7af40b932b60595e40855d7396b1031af16f9079ea36b82a24f8d24bee?s=96&d=mm&r=g\",\"url\":\"https:\\\/\\\/secure.gravatar.com\\\/avatar\\\/ae35fd7af40b932b60595e40855d7396b1031af16f9079ea36b82a24f8d24bee?s=96&d=mm&r=g\",\"contentUrl\":\"https:\\\/\\\/secure.gravatar.com\\\/avatar\\\/ae35fd7af40b932b60595e40855d7396b1031af16f9079ea36b82a24f8d24bee?s=96&d=mm&r=g\",\"caption\":\"admin\"},\"sameAs\":[\"https:\\\/\\\/vrsc.lt\"],\"url\":\"https:\\\/\\\/vrsc.lt\\\/pl\\\/author\\\/cea5c0e7165e384c\\\/\"}]}<\/script>\n<!-- \/ Yoast SEO plugin. -->","yoast_head_json":{"title":"Puchar IBU w Kanadzie. Sprint. 2023-02-25-26 - VRSC","robots":{"index":"index","follow":"follow","max-snippet":"max-snippet:-1","max-image-preview":"max-image-preview:large","max-video-preview":"max-video-preview:-1"},"canonical":"https:\/\/vrsc.lt\/pl\/2023\/02\/ibu-taure-sprintas-2023-02-25-26-kanada\/","og_locale":"pl_PL","og_type":"article","og_title":"Puchar IBU w Kanadzie. Sprint. 2023-02-25-26 - VRSC","og_description":"30 miejsce Nikity Romanowa na pucharze IBU w Kanadzie W dniach 25 lutego \u2013 4 marca w kanadyjskim Canmore odbywa si\u0119 8 edycja Pucharu IBU, w kt\u00f3rym startuje biatlonista Centrum Sportu Rejonu Wile\u0144skiego Nikita Romanow. Planowany start sprintu 24 lutego z powodu 29-stopniowego mrozu zosta\u0142 prze\u0142o\u017cony o dzie\u0144. 25 lutego Nikita startowa\u0142 w sprincie na [&hellip;]","og_url":"https:\/\/vrsc.lt\/pl\/2023\/02\/ibu-taure-sprintas-2023-02-25-26-kanada\/","og_site_name":"VRSC","article_published_time":"2023-02-28T22:57:30+00:00","article_modified_time":"2023-02-28T22:59:57+00:00","og_image":[{"width":1067,"height":800,"url":"https:\/\/vrsc.lt\/wp-content\/uploads\/2023\/02\/P1220624.jpg","type":"image\/jpeg"}],"author":"admin","twitter_card":"summary_large_image","twitter_misc":{"Napisane przez":"admin","Szacowany czas czytania":"2 minuty"},"schema":{"@context":"https:\/\/schema.org","@graph":[{"@type":"Article","@id":"https:\/\/vrsc.lt\/pl\/2023\/02\/ibu-taure-sprintas-2023-02-25-26-kanada\/#article","isPartOf":{"@id":"https:\/\/vrsc.lt\/pl\/2023\/02\/ibu-taure-sprintas-2023-02-25-26-kanada\/"},"author":{"name":"admin","@id":"https:\/\/vrsc.lt\/pl\/#\/schema\/person\/88191c5a8ae8874c635fcf826e951d2e"},"headline":"Puchar IBU w Kanadzie. Sprint. 2023-02&#8211;25-26","datePublished":"2023-02-28T22:57:30+00:00","dateModified":"2023-02-28T22:59:57+00:00","mainEntityOfPage":{"@id":"https:\/\/vrsc.lt\/pl\/2023\/02\/ibu-taure-sprintas-2023-02-25-26-kanada\/"},"wordCount":295,"image":{"@id":"https:\/\/vrsc.lt\/pl\/2023\/02\/ibu-taure-sprintas-2023-02-25-26-kanada\/#primaryimage"},"thumbnailUrl":"https:\/\/vrsc.lt\/wp-content\/uploads\/2023\/02\/P1220624.jpg","articleSection":["Aktualno\u015bci"],"inLanguage":"pl-PL"},{"@type":"WebPage","@id":"https:\/\/vrsc.lt\/pl\/2023\/02\/ibu-taure-sprintas-2023-02-25-26-kanada\/","url":"https:\/\/vrsc.lt\/pl\/2023\/02\/ibu-taure-sprintas-2023-02-25-26-kanada\/","name":"Puchar IBU w Kanadzie. Sprint. 2023-02-25-26 - VRSC","isPartOf":{"@id":"https:\/\/vrsc.lt\/pl\/#website"},"primaryImageOfPage":{"@id":"https:\/\/vrsc.lt\/pl\/2023\/02\/ibu-taure-sprintas-2023-02-25-26-kanada\/#primaryimage"},"image":{"@id":"https:\/\/vrsc.lt\/pl\/2023\/02\/ibu-taure-sprintas-2023-02-25-26-kanada\/#primaryimage"},"thumbnailUrl":"https:\/\/vrsc.lt\/wp-content\/uploads\/2023\/02\/P1220624.jpg","datePublished":"2023-02-28T22:57:30+00:00","dateModified":"2023-02-28T22:59:57+00:00","author":{"@id":"https:\/\/vrsc.lt\/pl\/#\/schema\/person\/88191c5a8ae8874c635fcf826e951d2e"},"breadcrumb":{"@id":"https:\/\/vrsc.lt\/pl\/2023\/02\/ibu-taure-sprintas-2023-02-25-26-kanada\/#breadcrumb"},"inLanguage":"pl-PL","potentialAction":[{"@type":"ReadAction","target":["https:\/\/vrsc.lt\/pl\/2023\/02\/ibu-taure-sprintas-2023-02-25-26-kanada\/"]}]},{"@type":"ImageObject","inLanguage":"pl-PL","@id":"https:\/\/vrsc.lt\/pl\/2023\/02\/ibu-taure-sprintas-2023-02-25-26-kanada\/#primaryimage","url":"https:\/\/vrsc.lt\/wp-content\/uploads\/2023\/02\/P1220624.jpg","contentUrl":"https:\/\/vrsc.lt\/wp-content\/uploads\/2023\/02\/P1220624.jpg","width":1067,"height":800},{"@type":"BreadcrumbList","@id":"https:\/\/vrsc.lt\/pl\/2023\/02\/ibu-taure-sprintas-2023-02-25-26-kanada\/#breadcrumb","itemListElement":[{"@type":"ListItem","position":1,"name":"Strona g\u0142\u00f3wna","item":"https:\/\/vrsc.lt\/pl\/"},{"@type":"ListItem","position":2,"name":"Aktualno\u015bci","item":"https:\/\/vrsc.lt\/pl\/aktualnosci-2\/"},{"@type":"ListItem","position":3,"name":"Puchar IBU w Kanadzie. Sprint. 2023-02&#8211;25-26"}]},{"@type":"WebSite","@id":"https:\/\/vrsc.lt\/pl\/#website","url":"https:\/\/vrsc.lt\/pl\/","name":"VRSC","description":"Vilniaus rajono sporto centras","potentialAction":[{"@type":"SearchAction","target":{"@type":"EntryPoint","urlTemplate":"https:\/\/vrsc.lt\/pl\/?s={search_term_string}"},"query-input":{"@type":"PropertyValueSpecification","valueRequired":true,"valueName":"search_term_string"}}],"inLanguage":"pl-PL"},{"@type":"Person","@id":"https:\/\/vrsc.lt\/pl\/#\/schema\/person\/88191c5a8ae8874c635fcf826e951d2e","name":"admin","image":{"@type":"ImageObject","inLanguage":"pl-PL","@id":"https:\/\/secure.gravatar.com\/avatar\/ae35fd7af40b932b60595e40855d7396b1031af16f9079ea36b82a24f8d24bee?s=96&d=mm&r=g","url":"https:\/\/secure.gravatar.com\/avatar\/ae35fd7af40b932b60595e40855d7396b1031af16f9079ea36b82a24f8d24bee?s=96&d=mm&r=g","contentUrl":"https:\/\/secure.gravatar.com\/avatar\/ae35fd7af40b932b60595e40855d7396b1031af16f9079ea36b82a24f8d24bee?s=96&d=mm&r=g","caption":"admin"},"sameAs":["https:\/\/vrsc.lt"],"url":"https:\/\/vrsc.lt\/pl\/author\/cea5c0e7165e384c\/"}]}},"_links":{"self":[{"href":"https:\/\/vrsc.lt\/pl\/wp-json\/wp\/v2\/posts\/2564","targetHints":{"allow":["GET"]}}],"collection":[{"href":"https:\/\/vrsc.lt\/pl\/wp-json\/wp\/v2\/posts"}],"about":[{"href":"https:\/\/vrsc.lt\/pl\/wp-json\/wp\/v2\/types\/post"}],"author":[{"embeddable":true,"href":"https:\/\/vrsc.lt\/pl\/wp-json\/wp\/v2\/users\/1"}],"replies":[{"embeddable":true,"href":"https:\/\/vrsc.lt\/pl\/wp-json\/wp\/v2\/comments?post=2564"}],"version-history":[{"count":2,"href":"https:\/\/vrsc.lt\/pl\/wp-json\/wp\/v2\/posts\/2564\/revisions"}],"predecessor-version":[{"id":2566,"href":"https:\/\/vrsc.lt\/pl\/wp-json\/wp\/v2\/posts\/2564\/revisions\/2566"}],"wp:featuredmedia":[{"embeddable":true,"href":"https:\/\/vrsc.lt\/pl\/wp-json\/wp\/v2\/media\/2562"}],"wp:attachment":[{"href":"https:\/\/vrsc.lt\/pl\/wp-json\/wp\/v2\/media?parent=2564"}],"wp:term":[{"taxonomy":"category","embeddable":true,"href":"https:\/\/vrsc.lt\/pl\/wp-json\/wp\/v2\/categories?post=2564"},{"taxonomy":"post_tag","embeddable":true,"href":"https:\/\/vrsc.lt\/pl\/wp-json\/wp\/v2\/tags?post=2564"}],"curies":[{"name":"wp","href":"https:\/\/api.w.org\/{rel}","templated":true}]}}