{"id":2363,"date":"2023-01-30T11:52:46","date_gmt":"2023-01-30T11:52:46","guid":{"rendered":"https:\/\/vrsc.lt\/2023\/01\/europos-biatlono-cempionatas-2023-01-25\/"},"modified":"2023-01-30T11:54:12","modified_gmt":"2023-01-30T11:54:12","slug":"start-karola-dabrowskiego-w-lenzerheide-2023-01-25","status":"publish","type":"post","link":"https:\/\/vrsc.lt\/pl\/2023\/01\/start-karola-dabrowskiego-w-lenzerheide-2023-01-25\/","title":{"rendered":"Start Karola D\u0105browskiego w Lenzerheide, 2023-01-25"},"content":{"rendered":"<p>Wy\u015bcigiem indywidualnym na 20 km w szwajcarskim Lenzerheide biatloni\u015bci rozpocz\u0119li Mistrzostwa Europy w biatlonie. Na starcie stan\u0119\u0142o 2 biatlonist\u00f3w z Centrum Sportu Rejonu Wile\u0144skiego Karol D\u0105browski i Nikita Romanow. Biatloni\u015bci mieli do pokonania 5 x 4 km ze strzelaniem le\u017c\u0105c + stoj\u0105c + le\u017c\u0105c + stoj\u0105c, gdzie za ka\u017cdy niecelny strza\u0142 dodawano po 1 minucie karnej do czasu pokonania dystansu. Karol bardzo dobrze rozpocz\u0105\u0142 wy\u015bcig, uzyskuj\u0105c drugi czas na odcinku 0,9 km, pierwsze strzelanie le\u017c\u0105c wykona\u0142 szybko, trafiaj\u0105c do wszystkich tarcz i na kolejne 4 km wy\u015blizgn\u0105\u0142 na 16 pozycji, trac\u0105c do lidera 28,6 sek. Niestety, na strzelaniu stoj\u0105c pud\u0142owa\u0142 raz i na kolejne okr\u0105\u017cenie wy\u015blizgn\u0105\u0142 na 27 miejscu ze strat\u0105 2 min. 07,8 sek. Karol szybko pokona\u0142 kolejne 4 km. Trzecie strzelanie le\u017c\u0105c wykona\u0142 bezb\u0142\u0119dnie i na kolejne 4 km wy\u015blizgn\u0105\u0142 na 20 pozycji. Na ostatnim strzelaniu stoj\u0105c Karol pomyli\u0142 si\u0119 raz i zajmowa\u0142 21 miejsce, szybko pokonywa\u0142 podbiegi i na mecie zaj\u0105\u0142 20 miejsce, pokonuj\u0105c 20 km za 56 min. 11,7 sek.<\/p>\n<p>Nikita Romanow dobrze rozpocz\u0105\u0142 wy\u015bcig, szybko \u015blizgn\u0105\u0142 do strzelania le\u017c\u0105c, ale na pierwszym strzelaniu pud\u0142owa\u0142 2 razy i na kolejne 4 km wy\u015blizgn\u0105\u0142 na 82 pozycji, trac\u0105c do lidera 2 min. 52,5 sek. Na drugim strzelaniu stoj\u0105c wszystkie kule trafi\u0142y do tarcz i na kolejne okr\u0105\u017cenie wy\u015blizgn\u0105\u0142 na 67 miejscu ze strat\u0105 13 min. 51,5 sek. Na trzecim strzelaniu le\u017c\u0105c Nikita pud\u0142owa\u0142 raz, a na ostatnim strzelaniu stoj\u0105c pomyli\u0142 si\u0119 2 razy, szybko pokona\u0142 ostatnie 4 km i na mecie zaj\u0105\u0142 75 miejsce w\u015br\u00f3d 114 startuj\u0105cych, pokonuj\u0105c 20 km za 1 godz. 01 min. 18,9 sek.<\/p>\n<p>Pozdrawiamy Karola i \u017cyczymy udanych start\u00f3w.<\/p>\n<p>Marian Kaczanowski<br \/>\nDyrektor Centrum Sportu Rejonu Wile\u0144skiego<\/p>\n","protected":false},"excerpt":{"rendered":"<p>Wy\u015bcigiem indywidualnym na 20 km w szwajcarskim Lenzerheide biatloni\u015bci rozpocz\u0119li Mistrzostwa Europy w biatlonie. Na starcie stan\u0119\u0142o 2 biatlonist\u00f3w z Centrum Sportu Rejonu Wile\u0144skiego Karol D\u0105browski i Nikita Romanow. Biatloni\u015bci mieli do pokonania 5 x 4 km ze strzelaniem le\u017c\u0105c + stoj\u0105c + le\u017c\u0105c + stoj\u0105c, gdzie za ka\u017cdy niecelny strza\u0142 dodawano po 1 minucie [&hellip;]<\/p>\n","protected":false},"author":1,"featured_media":2361,"comment_status":"closed","ping_status":"closed","sticky":false,"template":"","format":"standard","meta":{"_acf_changed":false,"footnotes":""},"categories":[32],"tags":[],"class_list":["post-2363","post","type-post","status-publish","format-standard","has-post-thumbnail","hentry","category-aktualnosci"],"acf":[],"yoast_head":"<!-- This site is optimized with the Yoast SEO plugin v27.5 - https:\/\/yoast.com\/product\/yoast-seo-wordpress\/ -->\n<title>Start Karola D\u0105browskiego w Lenzerheide, 2023-01-25 - VRSC<\/title>\n<meta name=\"robots\" content=\"index, follow, max-snippet:-1, max-image-preview:large, max-video-preview:-1\" \/>\n<link rel=\"canonical\" href=\"https:\/\/vrsc.lt\/pl\/2023\/01\/start-karola-dabrowskiego-w-lenzerheide-2023-01-25\/\" \/>\n<meta property=\"og:locale\" content=\"pl_PL\" \/>\n<meta property=\"og:type\" content=\"article\" \/>\n<meta property=\"og:title\" content=\"Start Karola D\u0105browskiego w Lenzerheide, 2023-01-25 - VRSC\" \/>\n<meta property=\"og:description\" content=\"Wy\u015bcigiem indywidualnym na 20 km w szwajcarskim Lenzerheide biatloni\u015bci rozpocz\u0119li Mistrzostwa Europy w biatlonie. Na starcie stan\u0119\u0142o 2 biatlonist\u00f3w z Centrum Sportu Rejonu Wile\u0144skiego Karol D\u0105browski i Nikita Romanow. Biatloni\u015bci mieli do pokonania 5 x 4 km ze strzelaniem le\u017c\u0105c + stoj\u0105c + le\u017c\u0105c + stoj\u0105c, gdzie za ka\u017cdy niecelny strza\u0142 dodawano po 1 minucie [&hellip;]\" \/>\n<meta property=\"og:url\" content=\"https:\/\/vrsc.lt\/pl\/2023\/01\/start-karola-dabrowskiego-w-lenzerheide-2023-01-25\/\" \/>\n<meta property=\"og:site_name\" content=\"VRSC\" \/>\n<meta property=\"article:published_time\" content=\"2023-01-30T11:52:46+00:00\" \/>\n<meta property=\"article:modified_time\" content=\"2023-01-30T11:54:12+00:00\" \/>\n<meta property=\"og:image\" content=\"https:\/\/vrsc.lt\/wp-content\/uploads\/2023\/01\/326556659_869318954186479_8176794181457306961_n.jpg\" \/>\n\t<meta property=\"og:image:width\" content=\"1170\" \/>\n\t<meta property=\"og:image:height\" content=\"780\" \/>\n\t<meta property=\"og:image:type\" content=\"image\/jpeg\" \/>\n<meta name=\"author\" content=\"admin\" \/>\n<meta name=\"twitter:card\" content=\"summary_large_image\" \/>\n<meta name=\"twitter:label1\" content=\"Napisane przez\" \/>\n\t<meta name=\"twitter:data1\" content=\"admin\" \/>\n\t<meta name=\"twitter:label2\" content=\"Szacowany czas czytania\" \/>\n\t<meta name=\"twitter:data2\" content=\"2 minuty\" \/>\n<script type=\"application\/ld+json\" class=\"yoast-schema-graph\">{\"@context\":\"https:\\\/\\\/schema.org\",\"@graph\":[{\"@type\":\"Article\",\"@id\":\"https:\\\/\\\/vrsc.lt\\\/pl\\\/2023\\\/01\\\/start-karola-dabrowskiego-w-lenzerheide-2023-01-25\\\/#article\",\"isPartOf\":{\"@id\":\"https:\\\/\\\/vrsc.lt\\\/pl\\\/2023\\\/01\\\/start-karola-dabrowskiego-w-lenzerheide-2023-01-25\\\/\"},\"author\":{\"name\":\"admin\",\"@id\":\"https:\\\/\\\/vrsc.lt\\\/pl\\\/#\\\/schema\\\/person\\\/88191c5a8ae8874c635fcf826e951d2e\"},\"headline\":\"Start Karola D\u0105browskiego w Lenzerheide, 2023-01-25\",\"datePublished\":\"2023-01-30T11:52:46+00:00\",\"dateModified\":\"2023-01-30T11:54:12+00:00\",\"mainEntityOfPage\":{\"@id\":\"https:\\\/\\\/vrsc.lt\\\/pl\\\/2023\\\/01\\\/start-karola-dabrowskiego-w-lenzerheide-2023-01-25\\\/\"},\"wordCount\":288,\"image\":{\"@id\":\"https:\\\/\\\/vrsc.lt\\\/pl\\\/2023\\\/01\\\/start-karola-dabrowskiego-w-lenzerheide-2023-01-25\\\/#primaryimage\"},\"thumbnailUrl\":\"https:\\\/\\\/vrsc.lt\\\/wp-content\\\/uploads\\\/2023\\\/01\\\/326556659_869318954186479_8176794181457306961_n.jpg\",\"articleSection\":[\"Aktualno\u015bci\"],\"inLanguage\":\"pl-PL\"},{\"@type\":\"WebPage\",\"@id\":\"https:\\\/\\\/vrsc.lt\\\/pl\\\/2023\\\/01\\\/start-karola-dabrowskiego-w-lenzerheide-2023-01-25\\\/\",\"url\":\"https:\\\/\\\/vrsc.lt\\\/pl\\\/2023\\\/01\\\/start-karola-dabrowskiego-w-lenzerheide-2023-01-25\\\/\",\"name\":\"Start Karola D\u0105browskiego w Lenzerheide, 2023-01-25 - VRSC\",\"isPartOf\":{\"@id\":\"https:\\\/\\\/vrsc.lt\\\/pl\\\/#website\"},\"primaryImageOfPage\":{\"@id\":\"https:\\\/\\\/vrsc.lt\\\/pl\\\/2023\\\/01\\\/start-karola-dabrowskiego-w-lenzerheide-2023-01-25\\\/#primaryimage\"},\"image\":{\"@id\":\"https:\\\/\\\/vrsc.lt\\\/pl\\\/2023\\\/01\\\/start-karola-dabrowskiego-w-lenzerheide-2023-01-25\\\/#primaryimage\"},\"thumbnailUrl\":\"https:\\\/\\\/vrsc.lt\\\/wp-content\\\/uploads\\\/2023\\\/01\\\/326556659_869318954186479_8176794181457306961_n.jpg\",\"datePublished\":\"2023-01-30T11:52:46+00:00\",\"dateModified\":\"2023-01-30T11:54:12+00:00\",\"author\":{\"@id\":\"https:\\\/\\\/vrsc.lt\\\/pl\\\/#\\\/schema\\\/person\\\/88191c5a8ae8874c635fcf826e951d2e\"},\"breadcrumb\":{\"@id\":\"https:\\\/\\\/vrsc.lt\\\/pl\\\/2023\\\/01\\\/start-karola-dabrowskiego-w-lenzerheide-2023-01-25\\\/#breadcrumb\"},\"inLanguage\":\"pl-PL\",\"potentialAction\":[{\"@type\":\"ReadAction\",\"target\":[\"https:\\\/\\\/vrsc.lt\\\/pl\\\/2023\\\/01\\\/start-karola-dabrowskiego-w-lenzerheide-2023-01-25\\\/\"]}]},{\"@type\":\"ImageObject\",\"inLanguage\":\"pl-PL\",\"@id\":\"https:\\\/\\\/vrsc.lt\\\/pl\\\/2023\\\/01\\\/start-karola-dabrowskiego-w-lenzerheide-2023-01-25\\\/#primaryimage\",\"url\":\"https:\\\/\\\/vrsc.lt\\\/wp-content\\\/uploads\\\/2023\\\/01\\\/326556659_869318954186479_8176794181457306961_n.jpg\",\"contentUrl\":\"https:\\\/\\\/vrsc.lt\\\/wp-content\\\/uploads\\\/2023\\\/01\\\/326556659_869318954186479_8176794181457306961_n.jpg\",\"width\":1170,\"height\":780},{\"@type\":\"BreadcrumbList\",\"@id\":\"https:\\\/\\\/vrsc.lt\\\/pl\\\/2023\\\/01\\\/start-karola-dabrowskiego-w-lenzerheide-2023-01-25\\\/#breadcrumb\",\"itemListElement\":[{\"@type\":\"ListItem\",\"position\":1,\"name\":\"Strona g\u0142\u00f3wna\",\"item\":\"https:\\\/\\\/vrsc.lt\\\/pl\\\/\"},{\"@type\":\"ListItem\",\"position\":2,\"name\":\"Aktualno\u015bci\",\"item\":\"https:\\\/\\\/vrsc.lt\\\/pl\\\/aktualnosci-2\\\/\"},{\"@type\":\"ListItem\",\"position\":3,\"name\":\"Start Karola D\u0105browskiego w Lenzerheide, 2023-01-25\"}]},{\"@type\":\"WebSite\",\"@id\":\"https:\\\/\\\/vrsc.lt\\\/pl\\\/#website\",\"url\":\"https:\\\/\\\/vrsc.lt\\\/pl\\\/\",\"name\":\"VRSC\",\"description\":\"Vilniaus rajono sporto centras\",\"potentialAction\":[{\"@type\":\"SearchAction\",\"target\":{\"@type\":\"EntryPoint\",\"urlTemplate\":\"https:\\\/\\\/vrsc.lt\\\/pl\\\/?s={search_term_string}\"},\"query-input\":{\"@type\":\"PropertyValueSpecification\",\"valueRequired\":true,\"valueName\":\"search_term_string\"}}],\"inLanguage\":\"pl-PL\"},{\"@type\":\"Person\",\"@id\":\"https:\\\/\\\/vrsc.lt\\\/pl\\\/#\\\/schema\\\/person\\\/88191c5a8ae8874c635fcf826e951d2e\",\"name\":\"admin\",\"image\":{\"@type\":\"ImageObject\",\"inLanguage\":\"pl-PL\",\"@id\":\"https:\\\/\\\/secure.gravatar.com\\\/avatar\\\/ae35fd7af40b932b60595e40855d7396b1031af16f9079ea36b82a24f8d24bee?s=96&d=mm&r=g\",\"url\":\"https:\\\/\\\/secure.gravatar.com\\\/avatar\\\/ae35fd7af40b932b60595e40855d7396b1031af16f9079ea36b82a24f8d24bee?s=96&d=mm&r=g\",\"contentUrl\":\"https:\\\/\\\/secure.gravatar.com\\\/avatar\\\/ae35fd7af40b932b60595e40855d7396b1031af16f9079ea36b82a24f8d24bee?s=96&d=mm&r=g\",\"caption\":\"admin\"},\"sameAs\":[\"https:\\\/\\\/vrsc.lt\"],\"url\":\"https:\\\/\\\/vrsc.lt\\\/pl\\\/author\\\/cea5c0e7165e384c\\\/\"}]}<\/script>\n<!-- \/ Yoast SEO plugin. -->","yoast_head_json":{"title":"Start Karola D\u0105browskiego w Lenzerheide, 2023-01-25 - VRSC","robots":{"index":"index","follow":"follow","max-snippet":"max-snippet:-1","max-image-preview":"max-image-preview:large","max-video-preview":"max-video-preview:-1"},"canonical":"https:\/\/vrsc.lt\/pl\/2023\/01\/start-karola-dabrowskiego-w-lenzerheide-2023-01-25\/","og_locale":"pl_PL","og_type":"article","og_title":"Start Karola D\u0105browskiego w Lenzerheide, 2023-01-25 - VRSC","og_description":"Wy\u015bcigiem indywidualnym na 20 km w szwajcarskim Lenzerheide biatloni\u015bci rozpocz\u0119li Mistrzostwa Europy w biatlonie. Na starcie stan\u0119\u0142o 2 biatlonist\u00f3w z Centrum Sportu Rejonu Wile\u0144skiego Karol D\u0105browski i Nikita Romanow. Biatloni\u015bci mieli do pokonania 5 x 4 km ze strzelaniem le\u017c\u0105c + stoj\u0105c + le\u017c\u0105c + stoj\u0105c, gdzie za ka\u017cdy niecelny strza\u0142 dodawano po 1 minucie [&hellip;]","og_url":"https:\/\/vrsc.lt\/pl\/2023\/01\/start-karola-dabrowskiego-w-lenzerheide-2023-01-25\/","og_site_name":"VRSC","article_published_time":"2023-01-30T11:52:46+00:00","article_modified_time":"2023-01-30T11:54:12+00:00","og_image":[{"width":1170,"height":780,"url":"https:\/\/vrsc.lt\/wp-content\/uploads\/2023\/01\/326556659_869318954186479_8176794181457306961_n.jpg","type":"image\/jpeg"}],"author":"admin","twitter_card":"summary_large_image","twitter_misc":{"Napisane przez":"admin","Szacowany czas czytania":"2 minuty"},"schema":{"@context":"https:\/\/schema.org","@graph":[{"@type":"Article","@id":"https:\/\/vrsc.lt\/pl\/2023\/01\/start-karola-dabrowskiego-w-lenzerheide-2023-01-25\/#article","isPartOf":{"@id":"https:\/\/vrsc.lt\/pl\/2023\/01\/start-karola-dabrowskiego-w-lenzerheide-2023-01-25\/"},"author":{"name":"admin","@id":"https:\/\/vrsc.lt\/pl\/#\/schema\/person\/88191c5a8ae8874c635fcf826e951d2e"},"headline":"Start Karola D\u0105browskiego w Lenzerheide, 2023-01-25","datePublished":"2023-01-30T11:52:46+00:00","dateModified":"2023-01-30T11:54:12+00:00","mainEntityOfPage":{"@id":"https:\/\/vrsc.lt\/pl\/2023\/01\/start-karola-dabrowskiego-w-lenzerheide-2023-01-25\/"},"wordCount":288,"image":{"@id":"https:\/\/vrsc.lt\/pl\/2023\/01\/start-karola-dabrowskiego-w-lenzerheide-2023-01-25\/#primaryimage"},"thumbnailUrl":"https:\/\/vrsc.lt\/wp-content\/uploads\/2023\/01\/326556659_869318954186479_8176794181457306961_n.jpg","articleSection":["Aktualno\u015bci"],"inLanguage":"pl-PL"},{"@type":"WebPage","@id":"https:\/\/vrsc.lt\/pl\/2023\/01\/start-karola-dabrowskiego-w-lenzerheide-2023-01-25\/","url":"https:\/\/vrsc.lt\/pl\/2023\/01\/start-karola-dabrowskiego-w-lenzerheide-2023-01-25\/","name":"Start Karola D\u0105browskiego w Lenzerheide, 2023-01-25 - VRSC","isPartOf":{"@id":"https:\/\/vrsc.lt\/pl\/#website"},"primaryImageOfPage":{"@id":"https:\/\/vrsc.lt\/pl\/2023\/01\/start-karola-dabrowskiego-w-lenzerheide-2023-01-25\/#primaryimage"},"image":{"@id":"https:\/\/vrsc.lt\/pl\/2023\/01\/start-karola-dabrowskiego-w-lenzerheide-2023-01-25\/#primaryimage"},"thumbnailUrl":"https:\/\/vrsc.lt\/wp-content\/uploads\/2023\/01\/326556659_869318954186479_8176794181457306961_n.jpg","datePublished":"2023-01-30T11:52:46+00:00","dateModified":"2023-01-30T11:54:12+00:00","author":{"@id":"https:\/\/vrsc.lt\/pl\/#\/schema\/person\/88191c5a8ae8874c635fcf826e951d2e"},"breadcrumb":{"@id":"https:\/\/vrsc.lt\/pl\/2023\/01\/start-karola-dabrowskiego-w-lenzerheide-2023-01-25\/#breadcrumb"},"inLanguage":"pl-PL","potentialAction":[{"@type":"ReadAction","target":["https:\/\/vrsc.lt\/pl\/2023\/01\/start-karola-dabrowskiego-w-lenzerheide-2023-01-25\/"]}]},{"@type":"ImageObject","inLanguage":"pl-PL","@id":"https:\/\/vrsc.lt\/pl\/2023\/01\/start-karola-dabrowskiego-w-lenzerheide-2023-01-25\/#primaryimage","url":"https:\/\/vrsc.lt\/wp-content\/uploads\/2023\/01\/326556659_869318954186479_8176794181457306961_n.jpg","contentUrl":"https:\/\/vrsc.lt\/wp-content\/uploads\/2023\/01\/326556659_869318954186479_8176794181457306961_n.jpg","width":1170,"height":780},{"@type":"BreadcrumbList","@id":"https:\/\/vrsc.lt\/pl\/2023\/01\/start-karola-dabrowskiego-w-lenzerheide-2023-01-25\/#breadcrumb","itemListElement":[{"@type":"ListItem","position":1,"name":"Strona g\u0142\u00f3wna","item":"https:\/\/vrsc.lt\/pl\/"},{"@type":"ListItem","position":2,"name":"Aktualno\u015bci","item":"https:\/\/vrsc.lt\/pl\/aktualnosci-2\/"},{"@type":"ListItem","position":3,"name":"Start Karola D\u0105browskiego w Lenzerheide, 2023-01-25"}]},{"@type":"WebSite","@id":"https:\/\/vrsc.lt\/pl\/#website","url":"https:\/\/vrsc.lt\/pl\/","name":"VRSC","description":"Vilniaus rajono sporto centras","potentialAction":[{"@type":"SearchAction","target":{"@type":"EntryPoint","urlTemplate":"https:\/\/vrsc.lt\/pl\/?s={search_term_string}"},"query-input":{"@type":"PropertyValueSpecification","valueRequired":true,"valueName":"search_term_string"}}],"inLanguage":"pl-PL"},{"@type":"Person","@id":"https:\/\/vrsc.lt\/pl\/#\/schema\/person\/88191c5a8ae8874c635fcf826e951d2e","name":"admin","image":{"@type":"ImageObject","inLanguage":"pl-PL","@id":"https:\/\/secure.gravatar.com\/avatar\/ae35fd7af40b932b60595e40855d7396b1031af16f9079ea36b82a24f8d24bee?s=96&d=mm&r=g","url":"https:\/\/secure.gravatar.com\/avatar\/ae35fd7af40b932b60595e40855d7396b1031af16f9079ea36b82a24f8d24bee?s=96&d=mm&r=g","contentUrl":"https:\/\/secure.gravatar.com\/avatar\/ae35fd7af40b932b60595e40855d7396b1031af16f9079ea36b82a24f8d24bee?s=96&d=mm&r=g","caption":"admin"},"sameAs":["https:\/\/vrsc.lt"],"url":"https:\/\/vrsc.lt\/pl\/author\/cea5c0e7165e384c\/"}]}},"_links":{"self":[{"href":"https:\/\/vrsc.lt\/pl\/wp-json\/wp\/v2\/posts\/2363","targetHints":{"allow":["GET"]}}],"collection":[{"href":"https:\/\/vrsc.lt\/pl\/wp-json\/wp\/v2\/posts"}],"about":[{"href":"https:\/\/vrsc.lt\/pl\/wp-json\/wp\/v2\/types\/post"}],"author":[{"embeddable":true,"href":"https:\/\/vrsc.lt\/pl\/wp-json\/wp\/v2\/users\/1"}],"replies":[{"embeddable":true,"href":"https:\/\/vrsc.lt\/pl\/wp-json\/wp\/v2\/comments?post=2363"}],"version-history":[{"count":1,"href":"https:\/\/vrsc.lt\/pl\/wp-json\/wp\/v2\/posts\/2363\/revisions"}],"predecessor-version":[{"id":2364,"href":"https:\/\/vrsc.lt\/pl\/wp-json\/wp\/v2\/posts\/2363\/revisions\/2364"}],"wp:featuredmedia":[{"embeddable":true,"href":"https:\/\/vrsc.lt\/pl\/wp-json\/wp\/v2\/media\/2361"}],"wp:attachment":[{"href":"https:\/\/vrsc.lt\/pl\/wp-json\/wp\/v2\/media?parent=2363"}],"wp:term":[{"taxonomy":"category","embeddable":true,"href":"https:\/\/vrsc.lt\/pl\/wp-json\/wp\/v2\/categories?post=2363"},{"taxonomy":"post_tag","embeddable":true,"href":"https:\/\/vrsc.lt\/pl\/wp-json\/wp\/v2\/tags?post=2363"}],"curies":[{"name":"wp","href":"https:\/\/api.w.org\/{rel}","templated":true}]}}