{"id":2189,"date":"2022-12-22T14:19:03","date_gmt":"2022-12-22T14:19:03","guid":{"rendered":"https:\/\/vrsc.lt\/2022\/12\/baltijos-saliu-biatlono-taure-suomijoje-2022-12-15-19\/"},"modified":"2022-12-22T14:24:51","modified_gmt":"2022-12-22T14:24:51","slug":"puchar-panstw-baltyckich-w-imatra-fin-2022-12-15-19","status":"publish","type":"post","link":"https:\/\/vrsc.lt\/pl\/2022\/12\/puchar-panstw-baltyckich-w-imatra-fin-2022-12-15-19\/","title":{"rendered":"Puchar Pa\u0144stw Ba\u0142tyckich w Imatra (FIN), 2022-12&#8211;15-19"},"content":{"rendered":"<div class=\"wpb-content-wrapper\">[vc_row][vc_column][vc_column_text]\n<p>Mi\u0142a Sienkiewicz \u2013 srebrn\u0105 medalistk\u0105 biatlonowych zawod\u00f3w w Finlandii<\/p>\n<p>W dniach 15-19 grudnia w fi\u0144skim biatlonowym centrum Imatra odby\u0142y si\u0119 zawody Pucharu Pa\u0144stw Ba\u0142tyckich, w kt\u00f3rych wzi\u0119\u0142o udzia\u0142 ponad 200 zawodnik\u00f3w z Finlandii, Estonii, \u0141otwy i Litwy, w tym 6-osobowa grupa biatlonist\u00f3w z Rejonu Wile\u0144skiego.<\/p>\n<p>W pierwszym dniu zawod\u00f3w biatloni\u015bci rywalizowali w wy\u015bcigu indywidualnym na dystansie od 4 do 10 km ze strzelaniem 3 razy le\u017c\u0105c lub 2 razy le\u017c\u0105c + 2 razy stoj\u0105c, gdzie za ka\u017cdy niecelny strza\u0142 do czasu pokonania dystansu dodawano 30; 45; lub 60 sek. karnych. W zawodach bardzo dobrze popisa\u0142a si\u0119 Mi\u0142a Sienkiewicz, zajmuj\u0105c 2 miejsce w grupie dziewcz\u0105t 2008-2009 r. ur. Zawody otwiera\u0142a startuj\u0105ca pod 1 numerem Eliza Szid\u0142auskaitie. Eliza pierwsze strzelanie wykona\u0142a bezb\u0142\u0119dnie, na drugim pomyli\u0142a si\u0119 2 razy, trzecie strzelanie wykona\u0142a bezb\u0142\u0119dnie i na mecie zaj\u0119\u0142a 11 miejsce, pokonuj\u0105c 4 km za 18 min. 24,9 sek. Mi\u0142a Sienkiewicz szybko \u015blizgn\u0119\u0142a na dystansie, pierwsze strzelanie wykona\u0142a bezb\u0142\u0119dnie i zajmowa\u0142a 2 miejsce. Na drugim strzelaniu pomyli\u0142a si\u0119 raz i \u015blizgn\u0119\u0142a na 4 pozycji. Mi\u0142a szybko pokona\u0142a 3 okr\u0105\u017cenie, ostatnie strzelanie wykona\u0142a bezb\u0142\u0119dnie i windowa\u0142a na drug\u0105 pozycj\u0119. Mi\u0142a Sienkiewicz bardzo szybko \u015blizgn\u0119\u0142a na ostatnich podbiegach i na mecie zaj\u0119\u0142a drugie miejsce, zdobywaj\u0105c srebrny medal Pucharu Pa\u0144stw Ba\u0142tyckich. Mi\u0142a dystans 4 km pokona\u0142a za 15 min. 31,7 sek.<\/p>\n<p>W tej samej grupie wiekowej ch\u0142opc\u00f3w \u0141ukasz Mincewicz na trzech strzelaniach pomyli\u0142 si\u0119 8 razy i na mecie zaj\u0105\u0142 16 miejsce, pokonuj\u0105c 6 km za 25 min. 05,7 sek. Damian Rynkiewicz w grupie 2006-2007 r. ur. zaj\u0105\u0142 20 miejsce, pokonuj\u0105c dystans 10 km za 43 min. 45,7 sek., pope\u0142niaj\u0105c 7 b\u0142\u0119d\u00f3w na 4 strzelaniach. Kotryna Koz\u0142owskitie tak\u017ce zaj\u0119\u0142a 20 miejsce, pokonuj\u0105c dystans za 47 min. 57,6 sek. A\u0142an Kaszperow w grupie ch\u0142opc\u00f3w 2005-2004 r. ur. 10 km pokona\u0142 za 54 min. 14,7 sek., na strzelaniu pope\u0142ni\u0142 11 b\u0142\u0119d\u00f3w i zaj\u0105\u0142 20 miejsce.<\/p>\n<p>Pozdrawiamy Mi\u0142\u0119 Sienkiewicz i \u017cyczymy sukces\u00f3w w przysz\u0142o\u015bci.<\/p>\n<p>Marian Kaczanowski <br \/>Dyrektor Centrum Sportu Rejonu Wile\u0144skiego<\/p>\n[\/vc_column_text][vc_gallery type=&#8221;image_grid&#8221; images=&#8221;2173,2175,2177,2179,2181,2183,2185,2187,2170&#8243; img_size=&#8221;250&#215;200&#8243;][\/vc_column][\/vc_row]\n<\/div>","protected":false},"excerpt":{"rendered":"<p>[vc_row][vc_column][vc_column_text] Mi\u0142a Sienkiewicz \u2013 srebrn\u0105 medalistk\u0105 biatlonowych zawod\u00f3w w Finlandii W dniach 15-19 grudnia w fi\u0144skim biatlonowym centrum Imatra odby\u0142y si\u0119 zawody Pucharu Pa\u0144stw Ba\u0142tyckich, w kt\u00f3rych wzi\u0119\u0142o udzia\u0142 ponad 200 zawodnik\u00f3w z Finlandii, Estonii, \u0141otwy i Litwy, w tym 6-osobowa grupa biatlonist\u00f3w z Rejonu Wile\u0144skiego. W pierwszym dniu zawod\u00f3w biatloni\u015bci rywalizowali w wy\u015bcigu indywidualnym [&hellip;]<\/p>\n","protected":false},"author":1,"featured_media":2170,"comment_status":"closed","ping_status":"closed","sticky":false,"template":"","format":"standard","meta":{"_acf_changed":false,"footnotes":""},"categories":[32],"tags":[],"class_list":["post-2189","post","type-post","status-publish","format-standard","has-post-thumbnail","hentry","category-aktualnosci"],"acf":[],"yoast_head":"<!-- This site is optimized with the Yoast SEO plugin v27.5 - https:\/\/yoast.com\/product\/yoast-seo-wordpress\/ -->\n<title>Puchar Pa\u0144stw Ba\u0142tyckich w Imatra (FIN), 2022-12-15-19 - VRSC<\/title>\n<meta name=\"robots\" content=\"index, follow, max-snippet:-1, max-image-preview:large, max-video-preview:-1\" \/>\n<link rel=\"canonical\" href=\"https:\/\/vrsc.lt\/pl\/2022\/12\/puchar-panstw-baltyckich-w-imatra-fin-2022-12-15-19\/\" \/>\n<meta property=\"og:locale\" content=\"pl_PL\" \/>\n<meta property=\"og:type\" content=\"article\" \/>\n<meta property=\"og:title\" content=\"Puchar Pa\u0144stw Ba\u0142tyckich w Imatra (FIN), 2022-12-15-19 - VRSC\" \/>\n<meta property=\"og:description\" content=\"[vc_row][vc_column][vc_column_text] Mi\u0142a Sienkiewicz \u2013 srebrn\u0105 medalistk\u0105 biatlonowych zawod\u00f3w w Finlandii W dniach 15-19 grudnia w fi\u0144skim biatlonowym centrum Imatra odby\u0142y si\u0119 zawody Pucharu Pa\u0144stw Ba\u0142tyckich, w kt\u00f3rych wzi\u0119\u0142o udzia\u0142 ponad 200 zawodnik\u00f3w z Finlandii, Estonii, \u0141otwy i Litwy, w tym 6-osobowa grupa biatlonist\u00f3w z Rejonu Wile\u0144skiego. W pierwszym dniu zawod\u00f3w biatloni\u015bci rywalizowali w wy\u015bcigu indywidualnym [&hellip;]\" \/>\n<meta property=\"og:url\" content=\"https:\/\/vrsc.lt\/pl\/2022\/12\/puchar-panstw-baltyckich-w-imatra-fin-2022-12-15-19\/\" \/>\n<meta property=\"og:site_name\" content=\"VRSC\" \/>\n<meta property=\"article:published_time\" content=\"2022-12-22T14:19:03+00:00\" \/>\n<meta property=\"article:modified_time\" content=\"2022-12-22T14:24:51+00:00\" \/>\n<meta property=\"og:image\" content=\"https:\/\/vrsc.lt\/wp-content\/uploads\/2022\/12\/PC170209-1.jpg\" \/>\n\t<meta property=\"og:image:width\" content=\"1067\" \/>\n\t<meta property=\"og:image:height\" content=\"800\" \/>\n\t<meta property=\"og:image:type\" content=\"image\/jpeg\" \/>\n<meta name=\"author\" content=\"admin\" \/>\n<meta name=\"twitter:card\" content=\"summary_large_image\" \/>\n<meta name=\"twitter:label1\" content=\"Napisane przez\" \/>\n\t<meta name=\"twitter:data1\" content=\"admin\" \/>\n\t<meta name=\"twitter:label2\" content=\"Szacowany czas czytania\" \/>\n\t<meta name=\"twitter:data2\" content=\"2 minuty\" \/>\n<script type=\"application\/ld+json\" class=\"yoast-schema-graph\">{\"@context\":\"https:\\\/\\\/schema.org\",\"@graph\":[{\"@type\":\"Article\",\"@id\":\"https:\\\/\\\/vrsc.lt\\\/pl\\\/2022\\\/12\\\/puchar-panstw-baltyckich-w-imatra-fin-2022-12-15-19\\\/#article\",\"isPartOf\":{\"@id\":\"https:\\\/\\\/vrsc.lt\\\/pl\\\/2022\\\/12\\\/puchar-panstw-baltyckich-w-imatra-fin-2022-12-15-19\\\/\"},\"author\":{\"name\":\"admin\",\"@id\":\"https:\\\/\\\/vrsc.lt\\\/pl\\\/#\\\/schema\\\/person\\\/88191c5a8ae8874c635fcf826e951d2e\"},\"headline\":\"Puchar Pa\u0144stw Ba\u0142tyckich w Imatra (FIN), 2022-12&#8211;15-19\",\"datePublished\":\"2022-12-22T14:19:03+00:00\",\"dateModified\":\"2022-12-22T14:24:51+00:00\",\"mainEntityOfPage\":{\"@id\":\"https:\\\/\\\/vrsc.lt\\\/pl\\\/2022\\\/12\\\/puchar-panstw-baltyckich-w-imatra-fin-2022-12-15-19\\\/\"},\"wordCount\":386,\"image\":{\"@id\":\"https:\\\/\\\/vrsc.lt\\\/pl\\\/2022\\\/12\\\/puchar-panstw-baltyckich-w-imatra-fin-2022-12-15-19\\\/#primaryimage\"},\"thumbnailUrl\":\"https:\\\/\\\/vrsc.lt\\\/wp-content\\\/uploads\\\/2022\\\/12\\\/PC170209-1.jpg\",\"articleSection\":[\"Aktualno\u015bci\"],\"inLanguage\":\"pl-PL\"},{\"@type\":\"WebPage\",\"@id\":\"https:\\\/\\\/vrsc.lt\\\/pl\\\/2022\\\/12\\\/puchar-panstw-baltyckich-w-imatra-fin-2022-12-15-19\\\/\",\"url\":\"https:\\\/\\\/vrsc.lt\\\/pl\\\/2022\\\/12\\\/puchar-panstw-baltyckich-w-imatra-fin-2022-12-15-19\\\/\",\"name\":\"Puchar Pa\u0144stw Ba\u0142tyckich w Imatra (FIN), 2022-12-15-19 - VRSC\",\"isPartOf\":{\"@id\":\"https:\\\/\\\/vrsc.lt\\\/pl\\\/#website\"},\"primaryImageOfPage\":{\"@id\":\"https:\\\/\\\/vrsc.lt\\\/pl\\\/2022\\\/12\\\/puchar-panstw-baltyckich-w-imatra-fin-2022-12-15-19\\\/#primaryimage\"},\"image\":{\"@id\":\"https:\\\/\\\/vrsc.lt\\\/pl\\\/2022\\\/12\\\/puchar-panstw-baltyckich-w-imatra-fin-2022-12-15-19\\\/#primaryimage\"},\"thumbnailUrl\":\"https:\\\/\\\/vrsc.lt\\\/wp-content\\\/uploads\\\/2022\\\/12\\\/PC170209-1.jpg\",\"datePublished\":\"2022-12-22T14:19:03+00:00\",\"dateModified\":\"2022-12-22T14:24:51+00:00\",\"author\":{\"@id\":\"https:\\\/\\\/vrsc.lt\\\/pl\\\/#\\\/schema\\\/person\\\/88191c5a8ae8874c635fcf826e951d2e\"},\"breadcrumb\":{\"@id\":\"https:\\\/\\\/vrsc.lt\\\/pl\\\/2022\\\/12\\\/puchar-panstw-baltyckich-w-imatra-fin-2022-12-15-19\\\/#breadcrumb\"},\"inLanguage\":\"pl-PL\",\"potentialAction\":[{\"@type\":\"ReadAction\",\"target\":[\"https:\\\/\\\/vrsc.lt\\\/pl\\\/2022\\\/12\\\/puchar-panstw-baltyckich-w-imatra-fin-2022-12-15-19\\\/\"]}]},{\"@type\":\"ImageObject\",\"inLanguage\":\"pl-PL\",\"@id\":\"https:\\\/\\\/vrsc.lt\\\/pl\\\/2022\\\/12\\\/puchar-panstw-baltyckich-w-imatra-fin-2022-12-15-19\\\/#primaryimage\",\"url\":\"https:\\\/\\\/vrsc.lt\\\/wp-content\\\/uploads\\\/2022\\\/12\\\/PC170209-1.jpg\",\"contentUrl\":\"https:\\\/\\\/vrsc.lt\\\/wp-content\\\/uploads\\\/2022\\\/12\\\/PC170209-1.jpg\",\"width\":1067,\"height\":800},{\"@type\":\"BreadcrumbList\",\"@id\":\"https:\\\/\\\/vrsc.lt\\\/pl\\\/2022\\\/12\\\/puchar-panstw-baltyckich-w-imatra-fin-2022-12-15-19\\\/#breadcrumb\",\"itemListElement\":[{\"@type\":\"ListItem\",\"position\":1,\"name\":\"Strona g\u0142\u00f3wna\",\"item\":\"https:\\\/\\\/vrsc.lt\\\/pl\\\/\"},{\"@type\":\"ListItem\",\"position\":2,\"name\":\"Aktualno\u015bci\",\"item\":\"https:\\\/\\\/vrsc.lt\\\/pl\\\/aktualnosci-2\\\/\"},{\"@type\":\"ListItem\",\"position\":3,\"name\":\"Puchar Pa\u0144stw Ba\u0142tyckich w Imatra (FIN), 2022-12&#8211;15-19\"}]},{\"@type\":\"WebSite\",\"@id\":\"https:\\\/\\\/vrsc.lt\\\/pl\\\/#website\",\"url\":\"https:\\\/\\\/vrsc.lt\\\/pl\\\/\",\"name\":\"VRSC\",\"description\":\"Vilniaus rajono sporto centras\",\"potentialAction\":[{\"@type\":\"SearchAction\",\"target\":{\"@type\":\"EntryPoint\",\"urlTemplate\":\"https:\\\/\\\/vrsc.lt\\\/pl\\\/?s={search_term_string}\"},\"query-input\":{\"@type\":\"PropertyValueSpecification\",\"valueRequired\":true,\"valueName\":\"search_term_string\"}}],\"inLanguage\":\"pl-PL\"},{\"@type\":\"Person\",\"@id\":\"https:\\\/\\\/vrsc.lt\\\/pl\\\/#\\\/schema\\\/person\\\/88191c5a8ae8874c635fcf826e951d2e\",\"name\":\"admin\",\"image\":{\"@type\":\"ImageObject\",\"inLanguage\":\"pl-PL\",\"@id\":\"https:\\\/\\\/secure.gravatar.com\\\/avatar\\\/ae35fd7af40b932b60595e40855d7396b1031af16f9079ea36b82a24f8d24bee?s=96&d=mm&r=g\",\"url\":\"https:\\\/\\\/secure.gravatar.com\\\/avatar\\\/ae35fd7af40b932b60595e40855d7396b1031af16f9079ea36b82a24f8d24bee?s=96&d=mm&r=g\",\"contentUrl\":\"https:\\\/\\\/secure.gravatar.com\\\/avatar\\\/ae35fd7af40b932b60595e40855d7396b1031af16f9079ea36b82a24f8d24bee?s=96&d=mm&r=g\",\"caption\":\"admin\"},\"sameAs\":[\"https:\\\/\\\/vrsc.lt\"],\"url\":\"https:\\\/\\\/vrsc.lt\\\/pl\\\/author\\\/cea5c0e7165e384c\\\/\"}]}<\/script>\n<!-- \/ Yoast SEO plugin. -->","yoast_head_json":{"title":"Puchar Pa\u0144stw Ba\u0142tyckich w Imatra (FIN), 2022-12-15-19 - VRSC","robots":{"index":"index","follow":"follow","max-snippet":"max-snippet:-1","max-image-preview":"max-image-preview:large","max-video-preview":"max-video-preview:-1"},"canonical":"https:\/\/vrsc.lt\/pl\/2022\/12\/puchar-panstw-baltyckich-w-imatra-fin-2022-12-15-19\/","og_locale":"pl_PL","og_type":"article","og_title":"Puchar Pa\u0144stw Ba\u0142tyckich w Imatra (FIN), 2022-12-15-19 - VRSC","og_description":"[vc_row][vc_column][vc_column_text] Mi\u0142a Sienkiewicz \u2013 srebrn\u0105 medalistk\u0105 biatlonowych zawod\u00f3w w Finlandii W dniach 15-19 grudnia w fi\u0144skim biatlonowym centrum Imatra odby\u0142y si\u0119 zawody Pucharu Pa\u0144stw Ba\u0142tyckich, w kt\u00f3rych wzi\u0119\u0142o udzia\u0142 ponad 200 zawodnik\u00f3w z Finlandii, Estonii, \u0141otwy i Litwy, w tym 6-osobowa grupa biatlonist\u00f3w z Rejonu Wile\u0144skiego. W pierwszym dniu zawod\u00f3w biatloni\u015bci rywalizowali w wy\u015bcigu indywidualnym [&hellip;]","og_url":"https:\/\/vrsc.lt\/pl\/2022\/12\/puchar-panstw-baltyckich-w-imatra-fin-2022-12-15-19\/","og_site_name":"VRSC","article_published_time":"2022-12-22T14:19:03+00:00","article_modified_time":"2022-12-22T14:24:51+00:00","og_image":[{"width":1067,"height":800,"url":"https:\/\/vrsc.lt\/wp-content\/uploads\/2022\/12\/PC170209-1.jpg","type":"image\/jpeg"}],"author":"admin","twitter_card":"summary_large_image","twitter_misc":{"Napisane przez":"admin","Szacowany czas czytania":"2 minuty"},"schema":{"@context":"https:\/\/schema.org","@graph":[{"@type":"Article","@id":"https:\/\/vrsc.lt\/pl\/2022\/12\/puchar-panstw-baltyckich-w-imatra-fin-2022-12-15-19\/#article","isPartOf":{"@id":"https:\/\/vrsc.lt\/pl\/2022\/12\/puchar-panstw-baltyckich-w-imatra-fin-2022-12-15-19\/"},"author":{"name":"admin","@id":"https:\/\/vrsc.lt\/pl\/#\/schema\/person\/88191c5a8ae8874c635fcf826e951d2e"},"headline":"Puchar Pa\u0144stw Ba\u0142tyckich w Imatra (FIN), 2022-12&#8211;15-19","datePublished":"2022-12-22T14:19:03+00:00","dateModified":"2022-12-22T14:24:51+00:00","mainEntityOfPage":{"@id":"https:\/\/vrsc.lt\/pl\/2022\/12\/puchar-panstw-baltyckich-w-imatra-fin-2022-12-15-19\/"},"wordCount":386,"image":{"@id":"https:\/\/vrsc.lt\/pl\/2022\/12\/puchar-panstw-baltyckich-w-imatra-fin-2022-12-15-19\/#primaryimage"},"thumbnailUrl":"https:\/\/vrsc.lt\/wp-content\/uploads\/2022\/12\/PC170209-1.jpg","articleSection":["Aktualno\u015bci"],"inLanguage":"pl-PL"},{"@type":"WebPage","@id":"https:\/\/vrsc.lt\/pl\/2022\/12\/puchar-panstw-baltyckich-w-imatra-fin-2022-12-15-19\/","url":"https:\/\/vrsc.lt\/pl\/2022\/12\/puchar-panstw-baltyckich-w-imatra-fin-2022-12-15-19\/","name":"Puchar Pa\u0144stw Ba\u0142tyckich w Imatra (FIN), 2022-12-15-19 - VRSC","isPartOf":{"@id":"https:\/\/vrsc.lt\/pl\/#website"},"primaryImageOfPage":{"@id":"https:\/\/vrsc.lt\/pl\/2022\/12\/puchar-panstw-baltyckich-w-imatra-fin-2022-12-15-19\/#primaryimage"},"image":{"@id":"https:\/\/vrsc.lt\/pl\/2022\/12\/puchar-panstw-baltyckich-w-imatra-fin-2022-12-15-19\/#primaryimage"},"thumbnailUrl":"https:\/\/vrsc.lt\/wp-content\/uploads\/2022\/12\/PC170209-1.jpg","datePublished":"2022-12-22T14:19:03+00:00","dateModified":"2022-12-22T14:24:51+00:00","author":{"@id":"https:\/\/vrsc.lt\/pl\/#\/schema\/person\/88191c5a8ae8874c635fcf826e951d2e"},"breadcrumb":{"@id":"https:\/\/vrsc.lt\/pl\/2022\/12\/puchar-panstw-baltyckich-w-imatra-fin-2022-12-15-19\/#breadcrumb"},"inLanguage":"pl-PL","potentialAction":[{"@type":"ReadAction","target":["https:\/\/vrsc.lt\/pl\/2022\/12\/puchar-panstw-baltyckich-w-imatra-fin-2022-12-15-19\/"]}]},{"@type":"ImageObject","inLanguage":"pl-PL","@id":"https:\/\/vrsc.lt\/pl\/2022\/12\/puchar-panstw-baltyckich-w-imatra-fin-2022-12-15-19\/#primaryimage","url":"https:\/\/vrsc.lt\/wp-content\/uploads\/2022\/12\/PC170209-1.jpg","contentUrl":"https:\/\/vrsc.lt\/wp-content\/uploads\/2022\/12\/PC170209-1.jpg","width":1067,"height":800},{"@type":"BreadcrumbList","@id":"https:\/\/vrsc.lt\/pl\/2022\/12\/puchar-panstw-baltyckich-w-imatra-fin-2022-12-15-19\/#breadcrumb","itemListElement":[{"@type":"ListItem","position":1,"name":"Strona g\u0142\u00f3wna","item":"https:\/\/vrsc.lt\/pl\/"},{"@type":"ListItem","position":2,"name":"Aktualno\u015bci","item":"https:\/\/vrsc.lt\/pl\/aktualnosci-2\/"},{"@type":"ListItem","position":3,"name":"Puchar Pa\u0144stw Ba\u0142tyckich w Imatra (FIN), 2022-12&#8211;15-19"}]},{"@type":"WebSite","@id":"https:\/\/vrsc.lt\/pl\/#website","url":"https:\/\/vrsc.lt\/pl\/","name":"VRSC","description":"Vilniaus rajono sporto centras","potentialAction":[{"@type":"SearchAction","target":{"@type":"EntryPoint","urlTemplate":"https:\/\/vrsc.lt\/pl\/?s={search_term_string}"},"query-input":{"@type":"PropertyValueSpecification","valueRequired":true,"valueName":"search_term_string"}}],"inLanguage":"pl-PL"},{"@type":"Person","@id":"https:\/\/vrsc.lt\/pl\/#\/schema\/person\/88191c5a8ae8874c635fcf826e951d2e","name":"admin","image":{"@type":"ImageObject","inLanguage":"pl-PL","@id":"https:\/\/secure.gravatar.com\/avatar\/ae35fd7af40b932b60595e40855d7396b1031af16f9079ea36b82a24f8d24bee?s=96&d=mm&r=g","url":"https:\/\/secure.gravatar.com\/avatar\/ae35fd7af40b932b60595e40855d7396b1031af16f9079ea36b82a24f8d24bee?s=96&d=mm&r=g","contentUrl":"https:\/\/secure.gravatar.com\/avatar\/ae35fd7af40b932b60595e40855d7396b1031af16f9079ea36b82a24f8d24bee?s=96&d=mm&r=g","caption":"admin"},"sameAs":["https:\/\/vrsc.lt"],"url":"https:\/\/vrsc.lt\/pl\/author\/cea5c0e7165e384c\/"}]}},"_links":{"self":[{"href":"https:\/\/vrsc.lt\/pl\/wp-json\/wp\/v2\/posts\/2189","targetHints":{"allow":["GET"]}}],"collection":[{"href":"https:\/\/vrsc.lt\/pl\/wp-json\/wp\/v2\/posts"}],"about":[{"href":"https:\/\/vrsc.lt\/pl\/wp-json\/wp\/v2\/types\/post"}],"author":[{"embeddable":true,"href":"https:\/\/vrsc.lt\/pl\/wp-json\/wp\/v2\/users\/1"}],"replies":[{"embeddable":true,"href":"https:\/\/vrsc.lt\/pl\/wp-json\/wp\/v2\/comments?post=2189"}],"version-history":[{"count":4,"href":"https:\/\/vrsc.lt\/pl\/wp-json\/wp\/v2\/posts\/2189\/revisions"}],"predecessor-version":[{"id":2193,"href":"https:\/\/vrsc.lt\/pl\/wp-json\/wp\/v2\/posts\/2189\/revisions\/2193"}],"wp:featuredmedia":[{"embeddable":true,"href":"https:\/\/vrsc.lt\/pl\/wp-json\/wp\/v2\/media\/2170"}],"wp:attachment":[{"href":"https:\/\/vrsc.lt\/pl\/wp-json\/wp\/v2\/media?parent=2189"}],"wp:term":[{"taxonomy":"category","embeddable":true,"href":"https:\/\/vrsc.lt\/pl\/wp-json\/wp\/v2\/categories?post=2189"},{"taxonomy":"post_tag","embeddable":true,"href":"https:\/\/vrsc.lt\/pl\/wp-json\/wp\/v2\/tags?post=2189"}],"curies":[{"name":"wp","href":"https:\/\/api.w.org\/{rel}","templated":true}]}}