{"id":13277,"date":"2026-09-02T10:55:57","date_gmt":"2026-09-02T08:55:57","guid":{"rendered":"https:\/\/vrsc.lt\/?p=13277"},"modified":"2026-09-02T10:55:57","modified_gmt":"2026-09-02T08:55:57","slug":"xxii-swiatowe-letnie-igrzyska-polonijne-w-ustce-dobiegly-konca","status":"publish","type":"post","link":"https:\/\/vrsc.lt\/pl\/2026\/09\/xxii-swiatowe-letnie-igrzyska-polonijne-w-ustce-dobiegly-konca\/","title":{"rendered":"XXII \u015awiatowe Letnie Igrzyska Polonijne w Ustce dobieg\u0142y ko\u0144ca"},"content":{"rendered":"<p>Reprezentanci rejonu wile\u0144skiego w ci\u0105gu czterech dni zawod\u00f3w zdobyli 23 medale, w tym 9 z\u0142otych!<\/p>\n<p>Z\u0142ote medale zdobyli: Jadwiga Juniewicz w pchni\u0119ciu kul\u0105, rzucie ci\u0119\u017carkiem i Nordic Walking; Erik Czerniawski w biegach na 3000 i 5000 metr\u00f3w; Jolanta Sudujko w strzelaniu z karabinka pneumatycznego; Edward Ko\u017cuchowski w strzelaniu z karabinka pneumatycznego oraz Liwia Romanowska w strzelaniu z pistoletu pneumatycznego.<\/p>\n<p>Z\u0142oto wywalczy\u0142a r\u00f3wnie\u017c dru\u017cyna siatk\u00f3wki dziewcz\u0105t Centrum Sportu Rejonu Wile\u0144skiego w sk\u0142adzie: kapitan K. Winckiewicz oraz zawodniczki E. Radzevi\u010di\u016bt\u0117, P. Jakutowicz, A. Vizerait\u0117, I. Markel\u0117-\u0160lempo, E. Senkut\u0117 i K. Pawlik.<\/p>\n<p>Jolanta Sudujko wywalczy\u0142a r\u00f3wnie\u017c srebrne medale w strzelaniu z pistoletu pneumatycznego i badmintonie, natomiast Edward Ko\u017cuchowski zdoby\u0142 br\u0105zowy medal w badmintonie.<\/p>\n<p>Marian Kaczanowski zdoby\u0142 dwa srebrne medale \u2013 w strzelaniu z karabinka pneumatycznego i pchni\u0119ciu kul\u0105. Regina Koz\u0142owska zdoby\u0142a srebrny medal w pchni\u0119ciu kul\u0105 oraz br\u0105zowy w rzucie ci\u0119\u017carkiem. Auks\u0117 Vizerait\u0117 wywalczy\u0142a srebrny medal w pchni\u0119ciu kul\u0105, a Karol Pacyna \u2013 br\u0105zowy medal w strzelaniu z pistoletu pneumatycznego.<\/p>\n<p>Jeszcze brzowe medale w poszczeg\u00f3lnych dyscyplinach zdobyli: Egl\u0117 Radzevi\u010di\u016bt\u0117 i Czes\u0142aw Pocej (po 1) oraz Patrycja Jakutowicz i Bogdan Monkiewicz (po 2).<\/p>\n<p>W klasyfikacji dru\u017cynowej reprezentanci Litwy zaj\u0119li 2. miejsce, zdobywaj\u0105c 24 z\u0142ote medale \u2013 tyle samo co sportowcy z Czech, lecz zdobyli mniej srebrnych medali.<\/p>\n<p>Serdecznie gratulujemy naszym zawodnikom!<\/p>\n<p>&nbsp;<\/p>\n<p>Dyrektor Centrum Sportu Rejonu Wile\u0144skiego<\/p>\n<p>Marian Kaczanowski<\/p>\n","protected":false},"excerpt":{"rendered":"<p>Reprezentanci rejonu wile\u0144skiego w ci\u0105gu czterech dni zawod\u00f3w zdobyli 23 medale, w tym 9 z\u0142otych! Z\u0142ote medale zdobyli: Jadwiga Juniewicz w pchni\u0119ciu kul\u0105, rzucie ci\u0119\u017carkiem i Nordic Walking; Erik Czerniawski w biegach na 3000 i 5000 metr\u00f3w; Jolanta Sudujko w strzelaniu z karabinka pneumatycznego; Edward Ko\u017cuchowski w strzelaniu z karabinka pneumatycznego oraz Liwia Romanowska w [&hellip;]<\/p>\n","protected":false},"author":5,"featured_media":13272,"comment_status":"closed","ping_status":"closed","sticky":false,"template":"","format":"standard","meta":{"_acf_changed":false,"footnotes":""},"categories":[32],"tags":[],"class_list":["post-13277","post","type-post","status-publish","format-standard","has-post-thumbnail","hentry","category-aktualnosci"],"acf":[],"yoast_head":"<!-- This site is optimized with the Yoast SEO plugin v28.4 - https:\/\/yoast.com\/product\/yoast-seo-wordpress\/ -->\n<title>XXII \u015awiatowe Letnie Igrzyska Polonijne w Ustce dobieg\u0142y ko\u0144ca - VRSC<\/title>\n<meta name=\"robots\" content=\"index, follow, max-snippet:-1, max-image-preview:large, max-video-preview:-1\" \/>\n<link rel=\"canonical\" href=\"https:\/\/vrsc.lt\/pl\/2026\/09\/xxii-swiatowe-letnie-igrzyska-polonijne-w-ustce-dobiegly-konca\/\" \/>\n<meta property=\"og:locale\" content=\"pl_PL\" \/>\n<meta property=\"og:type\" content=\"article\" \/>\n<meta property=\"og:title\" content=\"XXII \u015awiatowe Letnie Igrzyska Polonijne w Ustce dobieg\u0142y ko\u0144ca - VRSC\" \/>\n<meta property=\"og:description\" content=\"Reprezentanci rejonu wile\u0144skiego w ci\u0105gu czterech dni zawod\u00f3w zdobyli 23 medale, w tym 9 z\u0142otych! Z\u0142ote medale zdobyli: Jadwiga Juniewicz w pchni\u0119ciu kul\u0105, rzucie ci\u0119\u017carkiem i Nordic Walking; Erik Czerniawski w biegach na 3000 i 5000 metr\u00f3w; Jolanta Sudujko w strzelaniu z karabinka pneumatycznego; Edward Ko\u017cuchowski w strzelaniu z karabinka pneumatycznego oraz Liwia Romanowska w [&hellip;]\" \/>\n<meta property=\"og:url\" content=\"https:\/\/vrsc.lt\/pl\/2026\/09\/xxii-swiatowe-letnie-igrzyska-polonijne-w-ustce-dobiegly-konca\/\" \/>\n<meta property=\"og:site_name\" content=\"VRSC\" \/>\n<meta property=\"article:published_time\" content=\"2026-09-02T08:55:57+00:00\" \/>\n<meta property=\"og:image\" content=\"https:\/\/vrsc.lt\/wp-content\/uploads\/2026\/09\/viber_image_2026-09-02_09-44-16-758.jpg\" \/>\n\t<meta property=\"og:image:width\" content=\"1600\" \/>\n\t<meta property=\"og:image:height\" content=\"900\" \/>\n\t<meta property=\"og:image:type\" content=\"image\/jpeg\" \/>\n<meta name=\"author\" content=\"Darbuotojas\" \/>\n<meta name=\"twitter:card\" content=\"summary_large_image\" \/>\n<meta name=\"twitter:label1\" content=\"Napisane przez\" \/>\n\t<meta name=\"twitter:data1\" content=\"Darbuotojas\" \/>\n\t<meta name=\"twitter:label2\" content=\"Szacowany czas czytania\" \/>\n\t<meta name=\"twitter:data2\" content=\"2 minuty\" \/>\n<script type=\"application\/ld+json\" class=\"yoast-schema-graph\">{\"@context\":\"https:\\\/\\\/schema.org\",\"@graph\":[{\"@type\":\"Article\",\"@id\":\"https:\\\/\\\/vrsc.lt\\\/pl\\\/2026\\\/09\\\/xxii-swiatowe-letnie-igrzyska-polonijne-w-ustce-dobiegly-konca\\\/#article\",\"isPartOf\":{\"@id\":\"https:\\\/\\\/vrsc.lt\\\/pl\\\/2026\\\/09\\\/xxii-swiatowe-letnie-igrzyska-polonijne-w-ustce-dobiegly-konca\\\/\"},\"author\":{\"name\":\"Darbuotojas\",\"@id\":\"https:\\\/\\\/vrsc.lt\\\/pl\\\/#\\\/schema\\\/person\\\/b0d7d262a1754f4ae86d40b81c6396ae\"},\"headline\":\"XXII \u015awiatowe Letnie Igrzyska Polonijne w Ustce dobieg\u0142y ko\u0144ca\",\"datePublished\":\"2026-09-02T08:55:57+00:00\",\"mainEntityOfPage\":{\"@id\":\"https:\\\/\\\/vrsc.lt\\\/pl\\\/2026\\\/09\\\/xxii-swiatowe-letnie-igrzyska-polonijne-w-ustce-dobiegly-konca\\\/\"},\"wordCount\":258,\"image\":{\"@id\":\"https:\\\/\\\/vrsc.lt\\\/pl\\\/2026\\\/09\\\/xxii-swiatowe-letnie-igrzyska-polonijne-w-ustce-dobiegly-konca\\\/#primaryimage\"},\"thumbnailUrl\":\"https:\\\/\\\/vrsc.lt\\\/wp-content\\\/uploads\\\/2026\\\/09\\\/viber_image_2026-09-02_09-44-16-758.jpg\",\"articleSection\":[\"Aktualno\u015bci\"],\"inLanguage\":\"pl-PL\"},{\"@type\":\"WebPage\",\"@id\":\"https:\\\/\\\/vrsc.lt\\\/pl\\\/2026\\\/09\\\/xxii-swiatowe-letnie-igrzyska-polonijne-w-ustce-dobiegly-konca\\\/\",\"url\":\"https:\\\/\\\/vrsc.lt\\\/pl\\\/2026\\\/09\\\/xxii-swiatowe-letnie-igrzyska-polonijne-w-ustce-dobiegly-konca\\\/\",\"name\":\"XXII \u015awiatowe Letnie Igrzyska Polonijne w Ustce dobieg\u0142y ko\u0144ca - VRSC\",\"isPartOf\":{\"@id\":\"https:\\\/\\\/vrsc.lt\\\/pl\\\/#website\"},\"primaryImageOfPage\":{\"@id\":\"https:\\\/\\\/vrsc.lt\\\/pl\\\/2026\\\/09\\\/xxii-swiatowe-letnie-igrzyska-polonijne-w-ustce-dobiegly-konca\\\/#primaryimage\"},\"image\":{\"@id\":\"https:\\\/\\\/vrsc.lt\\\/pl\\\/2026\\\/09\\\/xxii-swiatowe-letnie-igrzyska-polonijne-w-ustce-dobiegly-konca\\\/#primaryimage\"},\"thumbnailUrl\":\"https:\\\/\\\/vrsc.lt\\\/wp-content\\\/uploads\\\/2026\\\/09\\\/viber_image_2026-09-02_09-44-16-758.jpg\",\"datePublished\":\"2026-09-02T08:55:57+00:00\",\"author\":{\"@id\":\"https:\\\/\\\/vrsc.lt\\\/pl\\\/#\\\/schema\\\/person\\\/b0d7d262a1754f4ae86d40b81c6396ae\"},\"breadcrumb\":{\"@id\":\"https:\\\/\\\/vrsc.lt\\\/pl\\\/2026\\\/09\\\/xxii-swiatowe-letnie-igrzyska-polonijne-w-ustce-dobiegly-konca\\\/#breadcrumb\"},\"inLanguage\":\"pl-PL\",\"potentialAction\":[{\"@type\":\"ReadAction\",\"target\":[\"https:\\\/\\\/vrsc.lt\\\/pl\\\/2026\\\/09\\\/xxii-swiatowe-letnie-igrzyska-polonijne-w-ustce-dobiegly-konca\\\/\"]}]},{\"@type\":\"ImageObject\",\"inLanguage\":\"pl-PL\",\"@id\":\"https:\\\/\\\/vrsc.lt\\\/pl\\\/2026\\\/09\\\/xxii-swiatowe-letnie-igrzyska-polonijne-w-ustce-dobiegly-konca\\\/#primaryimage\",\"url\":\"https:\\\/\\\/vrsc.lt\\\/wp-content\\\/uploads\\\/2026\\\/09\\\/viber_image_2026-09-02_09-44-16-758.jpg\",\"contentUrl\":\"https:\\\/\\\/vrsc.lt\\\/wp-content\\\/uploads\\\/2026\\\/09\\\/viber_image_2026-09-02_09-44-16-758.jpg\",\"width\":1600,\"height\":900},{\"@type\":\"BreadcrumbList\",\"@id\":\"https:\\\/\\\/vrsc.lt\\\/pl\\\/2026\\\/09\\\/xxii-swiatowe-letnie-igrzyska-polonijne-w-ustce-dobiegly-konca\\\/#breadcrumb\",\"itemListElement\":[{\"@type\":\"ListItem\",\"position\":1,\"name\":\"Strona g\u0142\u00f3wna\",\"item\":\"https:\\\/\\\/vrsc.lt\\\/pl\\\/\"},{\"@type\":\"ListItem\",\"position\":2,\"name\":\"Aktualno\u015bci\",\"item\":\"https:\\\/\\\/vrsc.lt\\\/pl\\\/aktualnosci-2\\\/\"},{\"@type\":\"ListItem\",\"position\":3,\"name\":\"XXII \u015awiatowe Letnie Igrzyska Polonijne w Ustce dobieg\u0142y ko\u0144ca\"}]},{\"@type\":\"WebSite\",\"@id\":\"https:\\\/\\\/vrsc.lt\\\/pl\\\/#website\",\"url\":\"https:\\\/\\\/vrsc.lt\\\/pl\\\/\",\"name\":\"VRSC\",\"description\":\"Vilniaus rajono sporto centras\",\"potentialAction\":[{\"@type\":\"SearchAction\",\"target\":{\"@type\":\"EntryPoint\",\"urlTemplate\":\"https:\\\/\\\/vrsc.lt\\\/pl\\\/?s={search_term_string}\"},\"query-input\":{\"@type\":\"PropertyValueSpecification\",\"valueRequired\":true,\"valueName\":\"search_term_string\"}}],\"inLanguage\":\"pl-PL\"},{\"@type\":\"Person\",\"@id\":\"https:\\\/\\\/vrsc.lt\\\/pl\\\/#\\\/schema\\\/person\\\/b0d7d262a1754f4ae86d40b81c6396ae\",\"name\":\"Darbuotojas\",\"image\":{\"@type\":\"ImageObject\",\"inLanguage\":\"pl-PL\",\"@id\":\"https:\\\/\\\/secure.gravatar.com\\\/avatar\\\/f251294b3aa485f74ceb19a4e7618f7d2c1b91167f04bd119d330241e26127dd?s=96&d=mm&r=g\",\"url\":\"https:\\\/\\\/secure.gravatar.com\\\/avatar\\\/f251294b3aa485f74ceb19a4e7618f7d2c1b91167f04bd119d330241e26127dd?s=96&d=mm&r=g\",\"contentUrl\":\"https:\\\/\\\/secure.gravatar.com\\\/avatar\\\/f251294b3aa485f74ceb19a4e7618f7d2c1b91167f04bd119d330241e26127dd?s=96&d=mm&r=g\",\"caption\":\"Darbuotojas\"},\"url\":\"https:\\\/\\\/vrsc.lt\\\/pl\\\/author\\\/98d05f45758f8903\\\/\"}]}<\/script>\n<!-- \/ Yoast SEO plugin. -->","yoast_head_json":{"title":"XXII \u015awiatowe Letnie Igrzyska Polonijne w Ustce dobieg\u0142y ko\u0144ca - VRSC","robots":{"index":"index","follow":"follow","max-snippet":"max-snippet:-1","max-image-preview":"max-image-preview:large","max-video-preview":"max-video-preview:-1"},"canonical":"https:\/\/vrsc.lt\/pl\/2026\/09\/xxii-swiatowe-letnie-igrzyska-polonijne-w-ustce-dobiegly-konca\/","og_locale":"pl_PL","og_type":"article","og_title":"XXII \u015awiatowe Letnie Igrzyska Polonijne w Ustce dobieg\u0142y ko\u0144ca - VRSC","og_description":"Reprezentanci rejonu wile\u0144skiego w ci\u0105gu czterech dni zawod\u00f3w zdobyli 23 medale, w tym 9 z\u0142otych! Z\u0142ote medale zdobyli: Jadwiga Juniewicz w pchni\u0119ciu kul\u0105, rzucie ci\u0119\u017carkiem i Nordic Walking; Erik Czerniawski w biegach na 3000 i 5000 metr\u00f3w; Jolanta Sudujko w strzelaniu z karabinka pneumatycznego; Edward Ko\u017cuchowski w strzelaniu z karabinka pneumatycznego oraz Liwia Romanowska w [&hellip;]","og_url":"https:\/\/vrsc.lt\/pl\/2026\/09\/xxii-swiatowe-letnie-igrzyska-polonijne-w-ustce-dobiegly-konca\/","og_site_name":"VRSC","article_published_time":"2026-09-02T08:55:57+00:00","og_image":[{"width":1600,"height":900,"url":"https:\/\/vrsc.lt\/wp-content\/uploads\/2026\/09\/viber_image_2026-09-02_09-44-16-758.jpg","type":"image\/jpeg"}],"author":"Darbuotojas","twitter_card":"summary_large_image","twitter_misc":{"Napisane przez":"Darbuotojas","Szacowany czas czytania":"2 minuty"},"schema":{"@context":"https:\/\/schema.org","@graph":[{"@type":"Article","@id":"https:\/\/vrsc.lt\/pl\/2026\/09\/xxii-swiatowe-letnie-igrzyska-polonijne-w-ustce-dobiegly-konca\/#article","isPartOf":{"@id":"https:\/\/vrsc.lt\/pl\/2026\/09\/xxii-swiatowe-letnie-igrzyska-polonijne-w-ustce-dobiegly-konca\/"},"author":{"name":"Darbuotojas","@id":"https:\/\/vrsc.lt\/pl\/#\/schema\/person\/b0d7d262a1754f4ae86d40b81c6396ae"},"headline":"XXII \u015awiatowe Letnie Igrzyska Polonijne w Ustce dobieg\u0142y ko\u0144ca","datePublished":"2026-09-02T08:55:57+00:00","mainEntityOfPage":{"@id":"https:\/\/vrsc.lt\/pl\/2026\/09\/xxii-swiatowe-letnie-igrzyska-polonijne-w-ustce-dobiegly-konca\/"},"wordCount":258,"image":{"@id":"https:\/\/vrsc.lt\/pl\/2026\/09\/xxii-swiatowe-letnie-igrzyska-polonijne-w-ustce-dobiegly-konca\/#primaryimage"},"thumbnailUrl":"https:\/\/vrsc.lt\/wp-content\/uploads\/2026\/09\/viber_image_2026-09-02_09-44-16-758.jpg","articleSection":["Aktualno\u015bci"],"inLanguage":"pl-PL"},{"@type":"WebPage","@id":"https:\/\/vrsc.lt\/pl\/2026\/09\/xxii-swiatowe-letnie-igrzyska-polonijne-w-ustce-dobiegly-konca\/","url":"https:\/\/vrsc.lt\/pl\/2026\/09\/xxii-swiatowe-letnie-igrzyska-polonijne-w-ustce-dobiegly-konca\/","name":"XXII \u015awiatowe Letnie Igrzyska Polonijne w Ustce dobieg\u0142y ko\u0144ca - VRSC","isPartOf":{"@id":"https:\/\/vrsc.lt\/pl\/#website"},"primaryImageOfPage":{"@id":"https:\/\/vrsc.lt\/pl\/2026\/09\/xxii-swiatowe-letnie-igrzyska-polonijne-w-ustce-dobiegly-konca\/#primaryimage"},"image":{"@id":"https:\/\/vrsc.lt\/pl\/2026\/09\/xxii-swiatowe-letnie-igrzyska-polonijne-w-ustce-dobiegly-konca\/#primaryimage"},"thumbnailUrl":"https:\/\/vrsc.lt\/wp-content\/uploads\/2026\/09\/viber_image_2026-09-02_09-44-16-758.jpg","datePublished":"2026-09-02T08:55:57+00:00","author":{"@id":"https:\/\/vrsc.lt\/pl\/#\/schema\/person\/b0d7d262a1754f4ae86d40b81c6396ae"},"breadcrumb":{"@id":"https:\/\/vrsc.lt\/pl\/2026\/09\/xxii-swiatowe-letnie-igrzyska-polonijne-w-ustce-dobiegly-konca\/#breadcrumb"},"inLanguage":"pl-PL","potentialAction":[{"@type":"ReadAction","target":["https:\/\/vrsc.lt\/pl\/2026\/09\/xxii-swiatowe-letnie-igrzyska-polonijne-w-ustce-dobiegly-konca\/"]}]},{"@type":"ImageObject","inLanguage":"pl-PL","@id":"https:\/\/vrsc.lt\/pl\/2026\/09\/xxii-swiatowe-letnie-igrzyska-polonijne-w-ustce-dobiegly-konca\/#primaryimage","url":"https:\/\/vrsc.lt\/wp-content\/uploads\/2026\/09\/viber_image_2026-09-02_09-44-16-758.jpg","contentUrl":"https:\/\/vrsc.lt\/wp-content\/uploads\/2026\/09\/viber_image_2026-09-02_09-44-16-758.jpg","width":1600,"height":900},{"@type":"BreadcrumbList","@id":"https:\/\/vrsc.lt\/pl\/2026\/09\/xxii-swiatowe-letnie-igrzyska-polonijne-w-ustce-dobiegly-konca\/#breadcrumb","itemListElement":[{"@type":"ListItem","position":1,"name":"Strona g\u0142\u00f3wna","item":"https:\/\/vrsc.lt\/pl\/"},{"@type":"ListItem","position":2,"name":"Aktualno\u015bci","item":"https:\/\/vrsc.lt\/pl\/aktualnosci-2\/"},{"@type":"ListItem","position":3,"name":"XXII \u015awiatowe Letnie Igrzyska Polonijne w Ustce dobieg\u0142y ko\u0144ca"}]},{"@type":"WebSite","@id":"https:\/\/vrsc.lt\/pl\/#website","url":"https:\/\/vrsc.lt\/pl\/","name":"VRSC","description":"Vilniaus rajono sporto centras","potentialAction":[{"@type":"SearchAction","target":{"@type":"EntryPoint","urlTemplate":"https:\/\/vrsc.lt\/pl\/?s={search_term_string}"},"query-input":{"@type":"PropertyValueSpecification","valueRequired":true,"valueName":"search_term_string"}}],"inLanguage":"pl-PL"},{"@type":"Person","@id":"https:\/\/vrsc.lt\/pl\/#\/schema\/person\/b0d7d262a1754f4ae86d40b81c6396ae","name":"Darbuotojas","image":{"@type":"ImageObject","inLanguage":"pl-PL","@id":"https:\/\/secure.gravatar.com\/avatar\/f251294b3aa485f74ceb19a4e7618f7d2c1b91167f04bd119d330241e26127dd?s=96&d=mm&r=g","url":"https:\/\/secure.gravatar.com\/avatar\/f251294b3aa485f74ceb19a4e7618f7d2c1b91167f04bd119d330241e26127dd?s=96&d=mm&r=g","contentUrl":"https:\/\/secure.gravatar.com\/avatar\/f251294b3aa485f74ceb19a4e7618f7d2c1b91167f04bd119d330241e26127dd?s=96&d=mm&r=g","caption":"Darbuotojas"},"url":"https:\/\/vrsc.lt\/pl\/author\/98d05f45758f8903\/"}]}},"_links":{"self":[{"href":"https:\/\/vrsc.lt\/pl\/wp-json\/wp\/v2\/posts\/13277","targetHints":{"allow":["GET"]}}],"collection":[{"href":"https:\/\/vrsc.lt\/pl\/wp-json\/wp\/v2\/posts"}],"about":[{"href":"https:\/\/vrsc.lt\/pl\/wp-json\/wp\/v2\/types\/post"}],"author":[{"embeddable":true,"href":"https:\/\/vrsc.lt\/pl\/wp-json\/wp\/v2\/users\/5"}],"replies":[{"embeddable":true,"href":"https:\/\/vrsc.lt\/pl\/wp-json\/wp\/v2\/comments?post=13277"}],"version-history":[{"count":1,"href":"https:\/\/vrsc.lt\/pl\/wp-json\/wp\/v2\/posts\/13277\/revisions"}],"predecessor-version":[{"id":13278,"href":"https:\/\/vrsc.lt\/pl\/wp-json\/wp\/v2\/posts\/13277\/revisions\/13278"}],"wp:featuredmedia":[{"embeddable":true,"href":"https:\/\/vrsc.lt\/pl\/wp-json\/wp\/v2\/media\/13272"}],"wp:attachment":[{"href":"https:\/\/vrsc.lt\/pl\/wp-json\/wp\/v2\/media?parent=13277"}],"wp:term":[{"taxonomy":"category","embeddable":true,"href":"https:\/\/vrsc.lt\/pl\/wp-json\/wp\/v2\/categories?post=13277"},{"taxonomy":"post_tag","embeddable":true,"href":"https:\/\/vrsc.lt\/pl\/wp-json\/wp\/v2\/tags?post=13277"}],"curies":[{"name":"wp","href":"https:\/\/api.w.org\/{rel}","templated":true}]}}