{"id":13251,"date":"2026-09-01T16:10:56","date_gmt":"2026-09-01T14:10:56","guid":{"rendered":"https:\/\/vrsc.lt\/?p=13251"},"modified":"2026-09-01T16:10:56","modified_gmt":"2026-09-01T14:10:56","slug":"medale-biathlonistow-rejonu-wilenskiego-na-vii-baltyckich-mistrzostwach-amatorow-w-biathlonie-na-lotwie","status":"publish","type":"post","link":"https:\/\/vrsc.lt\/pl\/2026\/09\/medale-biathlonistow-rejonu-wilenskiego-na-vii-baltyckich-mistrzostwach-amatorow-w-biathlonie-na-lotwie\/","title":{"rendered":"Medale biathlonist\u00f3w rejonu wile\u0144skiego na VII Ba\u0142tyckich Mistrzostwach Amator\u00f3w w Biathlonie na \u0141otwie"},"content":{"rendered":"<p>29\u201330 sierpnia biathloni\u015bci rywalizowali w VII Ba\u0142tyckich Mistrzostwach Weteran\u00f3w w Biathlonie w Centrum Biathlonowym \u201eSmeceressils\u201d w Madonie na \u0141otwie. Biathloni\u015bci rywalizowali w biathlonie na nartorolkach i rowerach. Reprezentanci rejonu wile\u0144skiego zaliczyli dobry start w mistrzostwach, zdobywaj\u0105c 2 z\u0142ote, 4 srebrne i 2 br\u0105zowe medale.<\/p>\n<p>Pierwszego dnia zawod\u00f3w biathloni\u015bci rywalizowali w sprincie na nartorolkach, obejmuj\u0105cym strzelanie w pozycji le\u017c\u0105cej i stoj\u0105cej, gdzie za ka\u017cdy niecelny strza\u0142 musieli pokona\u0107 karne ko\u0142o o d\u0142ugo\u015bci 100 lub 150 metr\u00f3w. Zawodnicy z rejonu wile\u0144skiego oraz biatloni\u015bci z klubu sportowego \u201eNempolis\u201d wystartowali bardzo dobrze, staj\u0105c na podium zwyci\u0119zc\u00f3w.<\/p>\n<p>W grupie dziewcz\u0105t urodzonych w latach 2013 i m\u0142odszych Ekaterina Litwinowa zaj\u0119\u0142a 5. miejsce na dystansie 3 km, uzyskuj\u0105c wynik 13 min 21,4 sek. Eweta \u0160idlauskait\u0117 zaj\u0119\u0142a 2. miejsce na dystansie 4 km z wynikiem 16 min 11,4 sek.<\/p>\n<p>Ch\u0142opcy rywalizowali na dystansie 6 km. Rados\u0142aw Gu\u017causkas pokona\u0142 dystans w czasie 24 min 50,5 sek. i zaj\u0105\u0142 3. miejsce. Na 1. stopniu podium w kategorii M40 stan\u0105\u0142 Martynas Krulis, pokonuj\u0105c dystans 6 km w czasie 22 min 11,5 sek. Laimis Raudeliunas pokona\u0142 6 km w czasie 23 min 00,9 sek. i zaj\u0105\u0142 2. miejsce w kategorii M40.<\/p>\n<p>W drugim dniu zawod\u00f3w biathloni\u015bci rywalizowali w wy\u015bcigu na dochodzenie, pokonuj\u0105c na rowerach dystanse 4,0, 6,0 oraz 8,5 km. Biathloni\u015bci startowali, uwzgl\u0119dniaj\u0105c wyniki sprintu na nartorolkach.<\/p>\n<p>Najpierw na starcie stan\u0119li zawodnicy w najm\u0142odszej grupie do 13 lat. Ekaterina Litwinowa podczas trzech strzela\u0144 pomyli\u0142a si\u0119 10 razy i na mecie zaj\u0119\u0142a 2. miejsce, pokonuj\u0105c dystans 4 km w czasie 24 min 49,6 sek. Eweta \u0160idlauskait\u0117 w kategorii IBU zaj\u0119\u0142a 2. miejsce na dystansie 6 km z czasem 41 min 47,2 sek.<\/p>\n<p>Rados\u0142aw Gu\u017causkas startowa\u0142 w kategorii M16 na dystansie 8,5 km i na mecie zaj\u0105\u0142 3. miejsce, pokonuj\u0105c dystans w czasie 46 min 06,9 sek.<\/p>\n<p>W kategorii M40 Martynas Krulis tak\u017ce mia\u0142 do pokonania 8,5 km. Martynas podczas czterech strzela\u0144 pope\u0142ni\u0142 6 b\u0142\u0119d\u00f3w, dystans pokona\u0142 w czasie 37 min 54,5 sek. i zaj\u0105\u0142 1. miejsce. Laimis Raudeliunas na mecie zaj\u0105\u0142 5. miejsce, pokonuj\u0105c dystans w czasie 42 min 25,8 sek.<\/p>\n<p>Udzia\u0142 biathlonist\u00f3w rejonu wile\u0144skiego w VII Mistrzostwach Pa\u0144stw Ba\u0142tyckich na \u0141otwie zosta\u0142 dofinansowany przez klub sportowy \u201eNempolis\u201d w ramach projektu dofinansowania klub\u00f3w sportowych rejonu przez Samorz\u0105d Rejonu Wile\u0144skiego.<\/p>\n<p>&nbsp;<\/p>\n<p>Dyrektor Centrum Sportu Rejonu Wile\u0144skiego<\/p>\n<p><strong>Marian Kaczanowski<\/strong><\/p>\n","protected":false},"excerpt":{"rendered":"<p>29\u201330 sierpnia biathloni\u015bci rywalizowali w VII Ba\u0142tyckich Mistrzostwach Weteran\u00f3w w Biathlonie w Centrum Biathlonowym \u201eSmeceressils\u201d w Madonie na \u0141otwie. Biathloni\u015bci rywalizowali w biathlonie na nartorolkach i rowerach. Reprezentanci rejonu wile\u0144skiego zaliczyli dobry start w mistrzostwach, zdobywaj\u0105c 2 z\u0142ote, 4 srebrne i 2 br\u0105zowe medale. Pierwszego dnia zawod\u00f3w biathloni\u015bci rywalizowali w sprincie na nartorolkach, obejmuj\u0105cym strzelanie [&hellip;]<\/p>\n","protected":false},"author":5,"featured_media":13229,"comment_status":"closed","ping_status":"closed","sticky":false,"template":"","format":"standard","meta":{"_acf_changed":false,"footnotes":""},"categories":[],"tags":[],"class_list":["post-13251","post","type-post","status-publish","format-standard","has-post-thumbnail","hentry"],"acf":[],"yoast_head":"<!-- This site is optimized with the Yoast SEO plugin v28.4 - https:\/\/yoast.com\/product\/yoast-seo-wordpress\/ -->\n<title>Medale biathlonist\u00f3w rejonu wile\u0144skiego na VII Ba\u0142tyckich Mistrzostwach Amator\u00f3w w Biathlonie na \u0141otwie - VRSC<\/title>\n<meta name=\"robots\" content=\"index, follow, max-snippet:-1, max-image-preview:large, max-video-preview:-1\" \/>\n<link rel=\"canonical\" href=\"https:\/\/vrsc.lt\/pl\/2026\/09\/medale-biathlonistow-rejonu-wilenskiego-na-vii-baltyckich-mistrzostwach-amatorow-w-biathlonie-na-lotwie\/\" \/>\n<meta property=\"og:locale\" content=\"pl_PL\" \/>\n<meta property=\"og:type\" content=\"article\" \/>\n<meta property=\"og:title\" content=\"Medale biathlonist\u00f3w rejonu wile\u0144skiego na VII Ba\u0142tyckich Mistrzostwach Amator\u00f3w w Biathlonie na \u0141otwie - VRSC\" \/>\n<meta property=\"og:description\" content=\"29\u201330 sierpnia biathloni\u015bci rywalizowali w VII Ba\u0142tyckich Mistrzostwach Weteran\u00f3w w Biathlonie w Centrum Biathlonowym \u201eSmeceressils\u201d w Madonie na \u0141otwie. Biathloni\u015bci rywalizowali w biathlonie na nartorolkach i rowerach. Reprezentanci rejonu wile\u0144skiego zaliczyli dobry start w mistrzostwach, zdobywaj\u0105c 2 z\u0142ote, 4 srebrne i 2 br\u0105zowe medale. Pierwszego dnia zawod\u00f3w biathloni\u015bci rywalizowali w sprincie na nartorolkach, obejmuj\u0105cym strzelanie [&hellip;]\" \/>\n<meta property=\"og:url\" content=\"https:\/\/vrsc.lt\/pl\/2026\/09\/medale-biathlonistow-rejonu-wilenskiego-na-vii-baltyckich-mistrzostwach-amatorow-w-biathlonie-na-lotwie\/\" \/>\n<meta property=\"og:site_name\" content=\"VRSC\" \/>\n<meta property=\"article:published_time\" content=\"2026-09-01T14:10:56+00:00\" \/>\n<meta property=\"og:image\" content=\"https:\/\/vrsc.lt\/wp-content\/uploads\/2026\/09\/43b0eea8-2467-4bd8-a914-742ac96e0233.jpg\" \/>\n\t<meta property=\"og:image:width\" content=\"1037\" \/>\n\t<meta property=\"og:image:height\" content=\"1920\" \/>\n\t<meta property=\"og:image:type\" content=\"image\/jpeg\" \/>\n<meta name=\"author\" content=\"Darbuotojas\" \/>\n<meta name=\"twitter:card\" content=\"summary_large_image\" \/>\n<meta name=\"twitter:label1\" content=\"Napisane przez\" \/>\n\t<meta name=\"twitter:data1\" content=\"Darbuotojas\" \/>\n\t<meta name=\"twitter:label2\" content=\"Szacowany czas czytania\" \/>\n\t<meta name=\"twitter:data2\" content=\"3 minuty\" \/>\n<script type=\"application\/ld+json\" class=\"yoast-schema-graph\">{\"@context\":\"https:\\\/\\\/schema.org\",\"@graph\":[{\"@type\":\"Article\",\"@id\":\"https:\\\/\\\/vrsc.lt\\\/pl\\\/2026\\\/09\\\/medale-biathlonistow-rejonu-wilenskiego-na-vii-baltyckich-mistrzostwach-amatorow-w-biathlonie-na-lotwie\\\/#article\",\"isPartOf\":{\"@id\":\"https:\\\/\\\/vrsc.lt\\\/pl\\\/2026\\\/09\\\/medale-biathlonistow-rejonu-wilenskiego-na-vii-baltyckich-mistrzostwach-amatorow-w-biathlonie-na-lotwie\\\/\"},\"author\":{\"name\":\"Darbuotojas\",\"@id\":\"https:\\\/\\\/vrsc.lt\\\/pl\\\/#\\\/schema\\\/person\\\/b0d7d262a1754f4ae86d40b81c6396ae\"},\"headline\":\"Medale biathlonist\u00f3w rejonu wile\u0144skiego na VII Ba\u0142tyckich Mistrzostwach Amator\u00f3w w Biathlonie na \u0141otwie\",\"datePublished\":\"2026-09-01T14:10:56+00:00\",\"mainEntityOfPage\":{\"@id\":\"https:\\\/\\\/vrsc.lt\\\/pl\\\/2026\\\/09\\\/medale-biathlonistow-rejonu-wilenskiego-na-vii-baltyckich-mistrzostwach-amatorow-w-biathlonie-na-lotwie\\\/\"},\"wordCount\":400,\"image\":{\"@id\":\"https:\\\/\\\/vrsc.lt\\\/pl\\\/2026\\\/09\\\/medale-biathlonistow-rejonu-wilenskiego-na-vii-baltyckich-mistrzostwach-amatorow-w-biathlonie-na-lotwie\\\/#primaryimage\"},\"thumbnailUrl\":\"https:\\\/\\\/vrsc.lt\\\/wp-content\\\/uploads\\\/2026\\\/09\\\/43b0eea8-2467-4bd8-a914-742ac96e0233.jpg\",\"inLanguage\":\"pl-PL\"},{\"@type\":\"WebPage\",\"@id\":\"https:\\\/\\\/vrsc.lt\\\/pl\\\/2026\\\/09\\\/medale-biathlonistow-rejonu-wilenskiego-na-vii-baltyckich-mistrzostwach-amatorow-w-biathlonie-na-lotwie\\\/\",\"url\":\"https:\\\/\\\/vrsc.lt\\\/pl\\\/2026\\\/09\\\/medale-biathlonistow-rejonu-wilenskiego-na-vii-baltyckich-mistrzostwach-amatorow-w-biathlonie-na-lotwie\\\/\",\"name\":\"Medale biathlonist\u00f3w rejonu wile\u0144skiego na VII Ba\u0142tyckich Mistrzostwach Amator\u00f3w w Biathlonie na \u0141otwie - VRSC\",\"isPartOf\":{\"@id\":\"https:\\\/\\\/vrsc.lt\\\/pl\\\/#website\"},\"primaryImageOfPage\":{\"@id\":\"https:\\\/\\\/vrsc.lt\\\/pl\\\/2026\\\/09\\\/medale-biathlonistow-rejonu-wilenskiego-na-vii-baltyckich-mistrzostwach-amatorow-w-biathlonie-na-lotwie\\\/#primaryimage\"},\"image\":{\"@id\":\"https:\\\/\\\/vrsc.lt\\\/pl\\\/2026\\\/09\\\/medale-biathlonistow-rejonu-wilenskiego-na-vii-baltyckich-mistrzostwach-amatorow-w-biathlonie-na-lotwie\\\/#primaryimage\"},\"thumbnailUrl\":\"https:\\\/\\\/vrsc.lt\\\/wp-content\\\/uploads\\\/2026\\\/09\\\/43b0eea8-2467-4bd8-a914-742ac96e0233.jpg\",\"datePublished\":\"2026-09-01T14:10:56+00:00\",\"author\":{\"@id\":\"https:\\\/\\\/vrsc.lt\\\/pl\\\/#\\\/schema\\\/person\\\/b0d7d262a1754f4ae86d40b81c6396ae\"},\"breadcrumb\":{\"@id\":\"https:\\\/\\\/vrsc.lt\\\/pl\\\/2026\\\/09\\\/medale-biathlonistow-rejonu-wilenskiego-na-vii-baltyckich-mistrzostwach-amatorow-w-biathlonie-na-lotwie\\\/#breadcrumb\"},\"inLanguage\":\"pl-PL\",\"potentialAction\":[{\"@type\":\"ReadAction\",\"target\":[\"https:\\\/\\\/vrsc.lt\\\/pl\\\/2026\\\/09\\\/medale-biathlonistow-rejonu-wilenskiego-na-vii-baltyckich-mistrzostwach-amatorow-w-biathlonie-na-lotwie\\\/\"]}]},{\"@type\":\"ImageObject\",\"inLanguage\":\"pl-PL\",\"@id\":\"https:\\\/\\\/vrsc.lt\\\/pl\\\/2026\\\/09\\\/medale-biathlonistow-rejonu-wilenskiego-na-vii-baltyckich-mistrzostwach-amatorow-w-biathlonie-na-lotwie\\\/#primaryimage\",\"url\":\"https:\\\/\\\/vrsc.lt\\\/wp-content\\\/uploads\\\/2026\\\/09\\\/43b0eea8-2467-4bd8-a914-742ac96e0233.jpg\",\"contentUrl\":\"https:\\\/\\\/vrsc.lt\\\/wp-content\\\/uploads\\\/2026\\\/09\\\/43b0eea8-2467-4bd8-a914-742ac96e0233.jpg\",\"width\":1037,\"height\":1920},{\"@type\":\"BreadcrumbList\",\"@id\":\"https:\\\/\\\/vrsc.lt\\\/pl\\\/2026\\\/09\\\/medale-biathlonistow-rejonu-wilenskiego-na-vii-baltyckich-mistrzostwach-amatorow-w-biathlonie-na-lotwie\\\/#breadcrumb\",\"itemListElement\":[{\"@type\":\"ListItem\",\"position\":1,\"name\":\"Strona g\u0142\u00f3wna\",\"item\":\"https:\\\/\\\/vrsc.lt\\\/pl\\\/\"},{\"@type\":\"ListItem\",\"position\":2,\"name\":\"Aktualno\u015bci\",\"item\":\"https:\\\/\\\/vrsc.lt\\\/pl\\\/aktualnosci-2\\\/\"},{\"@type\":\"ListItem\",\"position\":3,\"name\":\"Medale biathlonist\u00f3w rejonu wile\u0144skiego na VII Ba\u0142tyckich Mistrzostwach Amator\u00f3w w Biathlonie na \u0141otwie\"}]},{\"@type\":\"WebSite\",\"@id\":\"https:\\\/\\\/vrsc.lt\\\/pl\\\/#website\",\"url\":\"https:\\\/\\\/vrsc.lt\\\/pl\\\/\",\"name\":\"VRSC\",\"description\":\"Vilniaus rajono sporto centras\",\"potentialAction\":[{\"@type\":\"SearchAction\",\"target\":{\"@type\":\"EntryPoint\",\"urlTemplate\":\"https:\\\/\\\/vrsc.lt\\\/pl\\\/?s={search_term_string}\"},\"query-input\":{\"@type\":\"PropertyValueSpecification\",\"valueRequired\":true,\"valueName\":\"search_term_string\"}}],\"inLanguage\":\"pl-PL\"},{\"@type\":\"Person\",\"@id\":\"https:\\\/\\\/vrsc.lt\\\/pl\\\/#\\\/schema\\\/person\\\/b0d7d262a1754f4ae86d40b81c6396ae\",\"name\":\"Darbuotojas\",\"image\":{\"@type\":\"ImageObject\",\"inLanguage\":\"pl-PL\",\"@id\":\"https:\\\/\\\/secure.gravatar.com\\\/avatar\\\/f251294b3aa485f74ceb19a4e7618f7d2c1b91167f04bd119d330241e26127dd?s=96&d=mm&r=g\",\"url\":\"https:\\\/\\\/secure.gravatar.com\\\/avatar\\\/f251294b3aa485f74ceb19a4e7618f7d2c1b91167f04bd119d330241e26127dd?s=96&d=mm&r=g\",\"contentUrl\":\"https:\\\/\\\/secure.gravatar.com\\\/avatar\\\/f251294b3aa485f74ceb19a4e7618f7d2c1b91167f04bd119d330241e26127dd?s=96&d=mm&r=g\",\"caption\":\"Darbuotojas\"},\"url\":\"https:\\\/\\\/vrsc.lt\\\/pl\\\/author\\\/98d05f45758f8903\\\/\"}]}<\/script>\n<!-- \/ Yoast SEO plugin. -->","yoast_head_json":{"title":"Medale biathlonist\u00f3w rejonu wile\u0144skiego na VII Ba\u0142tyckich Mistrzostwach Amator\u00f3w w Biathlonie na \u0141otwie - VRSC","robots":{"index":"index","follow":"follow","max-snippet":"max-snippet:-1","max-image-preview":"max-image-preview:large","max-video-preview":"max-video-preview:-1"},"canonical":"https:\/\/vrsc.lt\/pl\/2026\/09\/medale-biathlonistow-rejonu-wilenskiego-na-vii-baltyckich-mistrzostwach-amatorow-w-biathlonie-na-lotwie\/","og_locale":"pl_PL","og_type":"article","og_title":"Medale biathlonist\u00f3w rejonu wile\u0144skiego na VII Ba\u0142tyckich Mistrzostwach Amator\u00f3w w Biathlonie na \u0141otwie - VRSC","og_description":"29\u201330 sierpnia biathloni\u015bci rywalizowali w VII Ba\u0142tyckich Mistrzostwach Weteran\u00f3w w Biathlonie w Centrum Biathlonowym \u201eSmeceressils\u201d w Madonie na \u0141otwie. Biathloni\u015bci rywalizowali w biathlonie na nartorolkach i rowerach. Reprezentanci rejonu wile\u0144skiego zaliczyli dobry start w mistrzostwach, zdobywaj\u0105c 2 z\u0142ote, 4 srebrne i 2 br\u0105zowe medale. Pierwszego dnia zawod\u00f3w biathloni\u015bci rywalizowali w sprincie na nartorolkach, obejmuj\u0105cym strzelanie [&hellip;]","og_url":"https:\/\/vrsc.lt\/pl\/2026\/09\/medale-biathlonistow-rejonu-wilenskiego-na-vii-baltyckich-mistrzostwach-amatorow-w-biathlonie-na-lotwie\/","og_site_name":"VRSC","article_published_time":"2026-09-01T14:10:56+00:00","og_image":[{"width":1037,"height":1920,"url":"https:\/\/vrsc.lt\/wp-content\/uploads\/2026\/09\/43b0eea8-2467-4bd8-a914-742ac96e0233.jpg","type":"image\/jpeg"}],"author":"Darbuotojas","twitter_card":"summary_large_image","twitter_misc":{"Napisane przez":"Darbuotojas","Szacowany czas czytania":"3 minuty"},"schema":{"@context":"https:\/\/schema.org","@graph":[{"@type":"Article","@id":"https:\/\/vrsc.lt\/pl\/2026\/09\/medale-biathlonistow-rejonu-wilenskiego-na-vii-baltyckich-mistrzostwach-amatorow-w-biathlonie-na-lotwie\/#article","isPartOf":{"@id":"https:\/\/vrsc.lt\/pl\/2026\/09\/medale-biathlonistow-rejonu-wilenskiego-na-vii-baltyckich-mistrzostwach-amatorow-w-biathlonie-na-lotwie\/"},"author":{"name":"Darbuotojas","@id":"https:\/\/vrsc.lt\/pl\/#\/schema\/person\/b0d7d262a1754f4ae86d40b81c6396ae"},"headline":"Medale biathlonist\u00f3w rejonu wile\u0144skiego na VII Ba\u0142tyckich Mistrzostwach Amator\u00f3w w Biathlonie na \u0141otwie","datePublished":"2026-09-01T14:10:56+00:00","mainEntityOfPage":{"@id":"https:\/\/vrsc.lt\/pl\/2026\/09\/medale-biathlonistow-rejonu-wilenskiego-na-vii-baltyckich-mistrzostwach-amatorow-w-biathlonie-na-lotwie\/"},"wordCount":400,"image":{"@id":"https:\/\/vrsc.lt\/pl\/2026\/09\/medale-biathlonistow-rejonu-wilenskiego-na-vii-baltyckich-mistrzostwach-amatorow-w-biathlonie-na-lotwie\/#primaryimage"},"thumbnailUrl":"https:\/\/vrsc.lt\/wp-content\/uploads\/2026\/09\/43b0eea8-2467-4bd8-a914-742ac96e0233.jpg","inLanguage":"pl-PL"},{"@type":"WebPage","@id":"https:\/\/vrsc.lt\/pl\/2026\/09\/medale-biathlonistow-rejonu-wilenskiego-na-vii-baltyckich-mistrzostwach-amatorow-w-biathlonie-na-lotwie\/","url":"https:\/\/vrsc.lt\/pl\/2026\/09\/medale-biathlonistow-rejonu-wilenskiego-na-vii-baltyckich-mistrzostwach-amatorow-w-biathlonie-na-lotwie\/","name":"Medale biathlonist\u00f3w rejonu wile\u0144skiego na VII Ba\u0142tyckich Mistrzostwach Amator\u00f3w w Biathlonie na \u0141otwie - VRSC","isPartOf":{"@id":"https:\/\/vrsc.lt\/pl\/#website"},"primaryImageOfPage":{"@id":"https:\/\/vrsc.lt\/pl\/2026\/09\/medale-biathlonistow-rejonu-wilenskiego-na-vii-baltyckich-mistrzostwach-amatorow-w-biathlonie-na-lotwie\/#primaryimage"},"image":{"@id":"https:\/\/vrsc.lt\/pl\/2026\/09\/medale-biathlonistow-rejonu-wilenskiego-na-vii-baltyckich-mistrzostwach-amatorow-w-biathlonie-na-lotwie\/#primaryimage"},"thumbnailUrl":"https:\/\/vrsc.lt\/wp-content\/uploads\/2026\/09\/43b0eea8-2467-4bd8-a914-742ac96e0233.jpg","datePublished":"2026-09-01T14:10:56+00:00","author":{"@id":"https:\/\/vrsc.lt\/pl\/#\/schema\/person\/b0d7d262a1754f4ae86d40b81c6396ae"},"breadcrumb":{"@id":"https:\/\/vrsc.lt\/pl\/2026\/09\/medale-biathlonistow-rejonu-wilenskiego-na-vii-baltyckich-mistrzostwach-amatorow-w-biathlonie-na-lotwie\/#breadcrumb"},"inLanguage":"pl-PL","potentialAction":[{"@type":"ReadAction","target":["https:\/\/vrsc.lt\/pl\/2026\/09\/medale-biathlonistow-rejonu-wilenskiego-na-vii-baltyckich-mistrzostwach-amatorow-w-biathlonie-na-lotwie\/"]}]},{"@type":"ImageObject","inLanguage":"pl-PL","@id":"https:\/\/vrsc.lt\/pl\/2026\/09\/medale-biathlonistow-rejonu-wilenskiego-na-vii-baltyckich-mistrzostwach-amatorow-w-biathlonie-na-lotwie\/#primaryimage","url":"https:\/\/vrsc.lt\/wp-content\/uploads\/2026\/09\/43b0eea8-2467-4bd8-a914-742ac96e0233.jpg","contentUrl":"https:\/\/vrsc.lt\/wp-content\/uploads\/2026\/09\/43b0eea8-2467-4bd8-a914-742ac96e0233.jpg","width":1037,"height":1920},{"@type":"BreadcrumbList","@id":"https:\/\/vrsc.lt\/pl\/2026\/09\/medale-biathlonistow-rejonu-wilenskiego-na-vii-baltyckich-mistrzostwach-amatorow-w-biathlonie-na-lotwie\/#breadcrumb","itemListElement":[{"@type":"ListItem","position":1,"name":"Strona g\u0142\u00f3wna","item":"https:\/\/vrsc.lt\/pl\/"},{"@type":"ListItem","position":2,"name":"Aktualno\u015bci","item":"https:\/\/vrsc.lt\/pl\/aktualnosci-2\/"},{"@type":"ListItem","position":3,"name":"Medale biathlonist\u00f3w rejonu wile\u0144skiego na VII Ba\u0142tyckich Mistrzostwach Amator\u00f3w w Biathlonie na \u0141otwie"}]},{"@type":"WebSite","@id":"https:\/\/vrsc.lt\/pl\/#website","url":"https:\/\/vrsc.lt\/pl\/","name":"VRSC","description":"Vilniaus rajono sporto centras","potentialAction":[{"@type":"SearchAction","target":{"@type":"EntryPoint","urlTemplate":"https:\/\/vrsc.lt\/pl\/?s={search_term_string}"},"query-input":{"@type":"PropertyValueSpecification","valueRequired":true,"valueName":"search_term_string"}}],"inLanguage":"pl-PL"},{"@type":"Person","@id":"https:\/\/vrsc.lt\/pl\/#\/schema\/person\/b0d7d262a1754f4ae86d40b81c6396ae","name":"Darbuotojas","image":{"@type":"ImageObject","inLanguage":"pl-PL","@id":"https:\/\/secure.gravatar.com\/avatar\/f251294b3aa485f74ceb19a4e7618f7d2c1b91167f04bd119d330241e26127dd?s=96&d=mm&r=g","url":"https:\/\/secure.gravatar.com\/avatar\/f251294b3aa485f74ceb19a4e7618f7d2c1b91167f04bd119d330241e26127dd?s=96&d=mm&r=g","contentUrl":"https:\/\/secure.gravatar.com\/avatar\/f251294b3aa485f74ceb19a4e7618f7d2c1b91167f04bd119d330241e26127dd?s=96&d=mm&r=g","caption":"Darbuotojas"},"url":"https:\/\/vrsc.lt\/pl\/author\/98d05f45758f8903\/"}]}},"_links":{"self":[{"href":"https:\/\/vrsc.lt\/pl\/wp-json\/wp\/v2\/posts\/13251","targetHints":{"allow":["GET"]}}],"collection":[{"href":"https:\/\/vrsc.lt\/pl\/wp-json\/wp\/v2\/posts"}],"about":[{"href":"https:\/\/vrsc.lt\/pl\/wp-json\/wp\/v2\/types\/post"}],"author":[{"embeddable":true,"href":"https:\/\/vrsc.lt\/pl\/wp-json\/wp\/v2\/users\/5"}],"replies":[{"embeddable":true,"href":"https:\/\/vrsc.lt\/pl\/wp-json\/wp\/v2\/comments?post=13251"}],"version-history":[{"count":1,"href":"https:\/\/vrsc.lt\/pl\/wp-json\/wp\/v2\/posts\/13251\/revisions"}],"predecessor-version":[{"id":13254,"href":"https:\/\/vrsc.lt\/pl\/wp-json\/wp\/v2\/posts\/13251\/revisions\/13254"}],"wp:featuredmedia":[{"embeddable":true,"href":"https:\/\/vrsc.lt\/pl\/wp-json\/wp\/v2\/media\/13229"}],"wp:attachment":[{"href":"https:\/\/vrsc.lt\/pl\/wp-json\/wp\/v2\/media?parent=13251"}],"wp:term":[{"taxonomy":"category","embeddable":true,"href":"https:\/\/vrsc.lt\/pl\/wp-json\/wp\/v2\/categories?post=13251"},{"taxonomy":"post_tag","embeddable":true,"href":"https:\/\/vrsc.lt\/pl\/wp-json\/wp\/v2\/tags?post=13251"}],"curies":[{"name":"wp","href":"https:\/\/api.w.org\/{rel}","templated":true}]}}